{"id":82,"date":"2011-06-09T23:00:00","date_gmt":"2011-06-09T22:00:00","guid":{"rendered":"http:\/\/dev.bikloz.net\/lbv\/en\/non-classe\/2010-en-primeur-2\/"},"modified":"2011-06-09T23:00:00","modified_gmt":"2011-06-09T22:00:00","slug":"2010-en-primeur-2","status":"publish","type":"post","link":"https:\/\/la-bergere.fr\/zh\/2010-en-primeur-2\/","title":{"rendered":"L\u2019envol\u00e9e des sorties 2010"},"content":{"rendered":"<p>Apr\u00e8s des d\u00e9buts plut\u00f4t mollassons, la campagne primeur 2010 a enfin pris son envol cette semaine.<\/p>\n<p>  <!--more-->  <\/p>\n<p>&nbsp;Comme le montre le tableau ci-dessous, la plupart des vins ont \u00e9t\u00e9 mis en vente \u00e0 des prix aussi exceptionnels que ceux pratiqu\u00e9s \u00e0 la sortie du <br \/>mill\u00e9sime 2009, malgr\u00e9 les plaintes des consommateurs et des critiques.<\/p>\n<p><img loading=\"lazy\" decoding=\"async\" class=\"alignleft size-full wp-image-80\" src=\"http:\/\/dev.bikloz.net\/lbv\/en\/wp-content\/uploads\/sites\/2\/2011\/06\/table 2010.png\" alt=\"2010-en-primeur\" style=\"float: left\" width=\"548\" height=\"361\" \/><\/p>\n<p>\u00a0<\/p>\n<p>\u00a0<\/p>\n<p>\u00a0<\/p>\n<p>\u00a0<\/p>\n<p>\u00a0<\/p>\n<p>\u00a0<\/p>\n<p>\u00a0<\/p>\n<p>\u00a0<\/p>\n<p>\u00a0<\/p>\n<p>\u00a0<\/p>\n<p>\u00a0<\/p>\n<p>Pour certains, c\u2019est le Ch\u00e2teau Durfort-Vivens qui a fait l\u2019\u00e9v\u00e9nement cette semaine. Mis sur le march\u00e9 l\u2019ann\u00e9e derni\u00e8re au prix de 24,50 \u20ac la bouteille (prix de gros), le mill\u00e9sime 2010 est sorti \u00e0 31,80 \u20ac (prix de gros), soit une hausse de 30 %, une des plus fulgurantes observ\u00e9es \u00e0 ce jour (seul le Ch\u00e2teau Pontet-Canet en a connu une plus impressionnante).<\/p>\n<p>M\u00eame si les Seconds Grands Crus ont vu leurs prix grimper rapidement cette ann\u00e9e sous l\u2019effet d\u2019une augmentation de la demande en Asie, le Ch\u00e2teau Durfort-Vivens \u00e9tait un des rares \u00e0 ne pas en avoir encore profit\u00e9. Cette sortie 2010 ne constitue-t-elle pas un rappel amer de son statut officiel de Second Grand Cru (contrairement au Ch\u00e2teau Pontet-Canet, qui porte \u00e0 pr\u00e9sent le surnom de \u00ab Flying Fifth \u00bb, litt\u00e9ralement \u00ab Cinqui\u00e8me volant \u00bb) ?<\/p>\n<p>Source:<a target=\"_blank\" href=\"http:\/\/liv-ex.typepad.com\/livex_fine_wine_market_bl\/\"> Liv-ex<br \/><\/a>10 juin 2011<\/p>","protected":false},"excerpt":{"rendered":"<p>Apr\u00e8s des d\u00e9buts plut\u00f4t mollassons, la campagne primeur 2010 a enfin pris son envol cette semaine.<\/p>","protected":false},"author":12,"featured_media":80,"comment_status":"open","ping_status":"open","sticky":false,"template":"","format":"standard","meta":{"footnotes":""},"categories":[1],"tags":[],"class_list":["post-82","post","type-post","status-publish","format-standard","has-post-thumbnail","hentry","category-autres"],"yoast_head":"<!-- This site is optimized with the Yoast SEO plugin v27.5 - https:\/\/yoast.com\/product\/yoast-seo-wordpress\/ -->\n<title>L\u2019envol\u00e9e des sorties 2010 - La Berg\u00e8re<\/title>\n<meta name=\"description\" content=\"La Berg\u00e8re - Grands Vins est un n\u00e9gociant en vin pour les professionnels - Vente et Achat de grands vins et grands crus.\" \/>\n<meta name=\"robots\" content=\"index, follow, max-snippet:-1, max-image-preview:large, max-video-preview:-1\" \/>\n<link rel=\"canonical\" href=\"https:\/\/la-bergere.fr\/zh\/2010-en-primeur-2\/\" \/>\n<meta property=\"og:locale\" content=\"zh_CN\" \/>\n<meta property=\"og:type\" content=\"article\" \/>\n<meta property=\"og:title\" content=\"L\u2019envol\u00e9e des sorties 2010 - La Berg\u00e8re\" \/>\n<meta property=\"og:description\" content=\"La Berg\u00e8re - Grands Vins est un n\u00e9gociant en vin pour les professionnels - Vente et Achat de grands vins et grands crus.\" \/>\n<meta property=\"og:url\" content=\"https:\/\/la-bergere.fr\/zh\/2010-en-primeur-2\/\" \/>\n<meta property=\"og:site_name\" content=\"La Berg\u00e8re\" \/>\n<meta property=\"article:published_time\" content=\"2011-06-09T22:00:00+00:00\" \/>\n<meta name=\"author\" content=\"alexandre.impinna\" \/>\n<meta name=\"twitter:label1\" content=\"\u4f5c\u8005\" \/>\n\t<meta name=\"twitter:data1\" content=\"alexandre.impinna\" \/>\n\t<meta name=\"twitter:label2\" content=\"\u9884\u8ba1\u9605\u8bfb\u65f6\u95f4\" \/>\n\t<meta name=\"twitter:data2\" content=\"1 \u5206\" \/>\n<script type=\"application\/ld+json\" class=\"yoast-schema-graph\">{\"@context\":\"https:\\\/\\\/schema.org\",\"@graph\":[{\"@type\":\"Article\",\"@id\":\"https:\\\/\\\/la-bergere.fr\\\/2010-en-primeur-2\\\/#article\",\"isPartOf\":{\"@id\":\"https:\\\/\\\/la-bergere.fr\\\/2010-en-primeur-2\\\/\"},\"author\":{\"name\":\"alexandre.impinna\",\"@id\":\"https:\\\/\\\/la-bergere.fr\\\/#\\\/schema\\\/person\\\/f27f3fea6a79cd8f58f092f2ea8601ac\"},\"headline\":\"L\u2019envol\u00e9e des sorties 2010\",\"datePublished\":\"2011-06-09T22:00:00+00:00\",\"mainEntityOfPage\":{\"@id\":\"https:\\\/\\\/la-bergere.fr\\\/2010-en-primeur-2\\\/\"},\"wordCount\":203,\"commentCount\":0,\"image\":{\"@id\":\"https:\\\/\\\/la-bergere.fr\\\/2010-en-primeur-2\\\/#primaryimage\"},\"thumbnailUrl\":\"\",\"articleSection\":[\"Autres\"],\"inLanguage\":\"zh-Hans\",\"potentialAction\":[{\"@type\":\"CommentAction\",\"name\":\"Comment\",\"target\":[\"https:\\\/\\\/la-bergere.fr\\\/2010-en-primeur-2\\\/#respond\"]}]},{\"@type\":\"WebPage\",\"@id\":\"https:\\\/\\\/la-bergere.fr\\\/2010-en-primeur-2\\\/\",\"url\":\"https:\\\/\\\/la-bergere.fr\\\/2010-en-primeur-2\\\/\",\"name\":\"L\u2019envol\u00e9e des sorties 2010 - La Berg\u00e8re\",\"isPartOf\":{\"@id\":\"https:\\\/\\\/la-bergere.fr\\\/#website\"},\"primaryImageOfPage\":{\"@id\":\"https:\\\/\\\/la-bergere.fr\\\/2010-en-primeur-2\\\/#primaryimage\"},\"image\":{\"@id\":\"https:\\\/\\\/la-bergere.fr\\\/2010-en-primeur-2\\\/#primaryimage\"},\"thumbnailUrl\":\"\",\"datePublished\":\"2011-06-09T22:00:00+00:00\",\"author\":{\"@id\":\"https:\\\/\\\/la-bergere.fr\\\/#\\\/schema\\\/person\\\/f27f3fea6a79cd8f58f092f2ea8601ac\"},\"description\":\"La Berg\u00e8re - Grands Vins est un n\u00e9gociant en vin pour les professionnels - Vente et Achat de grands vins et grands crus.\",\"breadcrumb\":{\"@id\":\"https:\\\/\\\/la-bergere.fr\\\/2010-en-primeur-2\\\/#breadcrumb\"},\"inLanguage\":\"zh-Hans\",\"potentialAction\":[{\"@type\":\"ReadAction\",\"target\":[\"https:\\\/\\\/la-bergere.fr\\\/2010-en-primeur-2\\\/\"]}]},{\"@type\":\"ImageObject\",\"inLanguage\":\"zh-Hans\",\"@id\":\"https:\\\/\\\/la-bergere.fr\\\/2010-en-primeur-2\\\/#primaryimage\",\"url\":\"\",\"contentUrl\":\"\"},{\"@type\":\"BreadcrumbList\",\"@id\":\"https:\\\/\\\/la-bergere.fr\\\/2010-en-primeur-2\\\/#breadcrumb\",\"itemListElement\":[{\"@type\":\"ListItem\",\"position\":1,\"name\":\"Accueil\",\"item\":\"https:\\\/\\\/la-bergere.fr\\\/\"},{\"@type\":\"ListItem\",\"position\":2,\"name\":\"L\u2019envol\u00e9e des sorties 2010\"}]},{\"@type\":\"WebSite\",\"@id\":\"https:\\\/\\\/la-bergere.fr\\\/#website\",\"url\":\"https:\\\/\\\/la-bergere.fr\\\/\",\"name\":\"La Berg\u00e8re\",\"description\":\"N\u00e9goce de grands crus et vins fins\",\"potentialAction\":[{\"@type\":\"SearchAction\",\"target\":{\"@type\":\"EntryPoint\",\"urlTemplate\":\"https:\\\/\\\/la-bergere.fr\\\/?s={search_term_string}\"},\"query-input\":{\"@type\":\"PropertyValueSpecification\",\"valueRequired\":true,\"valueName\":\"search_term_string\"}}],\"inLanguage\":\"zh-Hans\"},{\"@type\":\"Person\",\"@id\":\"https:\\\/\\\/la-bergere.fr\\\/#\\\/schema\\\/person\\\/f27f3fea6a79cd8f58f092f2ea8601ac\",\"name\":\"alexandre.impinna\",\"image\":{\"@type\":\"ImageObject\",\"inLanguage\":\"zh-Hans\",\"@id\":\"https:\\\/\\\/secure.gravatar.com\\\/avatar\\\/d3b9399bb826b1ef1cefaac0bdd8b069b06825b10a9156d1b35cbd91317d20f5?s=96&d=mm&r=g\",\"url\":\"https:\\\/\\\/secure.gravatar.com\\\/avatar\\\/d3b9399bb826b1ef1cefaac0bdd8b069b06825b10a9156d1b35cbd91317d20f5?s=96&d=mm&r=g\",\"contentUrl\":\"https:\\\/\\\/secure.gravatar.com\\\/avatar\\\/d3b9399bb826b1ef1cefaac0bdd8b069b06825b10a9156d1b35cbd91317d20f5?s=96&d=mm&r=g\",\"caption\":\"alexandre.impinna\"},\"url\":\"https:\\\/\\\/la-bergere.fr\\\/zh\\\/author\\\/alexandre-impinna\\\/\"}]}<\/script>\n<!-- \/ Yoast SEO plugin. -->","yoast_head_json":{"title":"L\u2019envol\u00e9e des sorties 2010 - La Berg\u00e8re","description":"La Berg\u00e8re - Grands Vins est un n\u00e9gociant en vin pour les professionnels - Vente et Achat de grands vins et grands crus.","robots":{"index":"index","follow":"follow","max-snippet":"max-snippet:-1","max-image-preview":"max-image-preview:large","max-video-preview":"max-video-preview:-1"},"canonical":"https:\/\/la-bergere.fr\/zh\/2010-en-primeur-2\/","og_locale":"zh_CN","og_type":"article","og_title":"L\u2019envol\u00e9e des sorties 2010 - La Berg\u00e8re","og_description":"La Berg\u00e8re - Grands Vins est un n\u00e9gociant en vin pour les professionnels - Vente et Achat de grands vins et grands crus.","og_url":"https:\/\/la-bergere.fr\/zh\/2010-en-primeur-2\/","og_site_name":"La Berg\u00e8re","article_published_time":"2011-06-09T22:00:00+00:00","author":"alexandre.impinna","twitter_misc":{"\u4f5c\u8005":"alexandre.impinna","\u9884\u8ba1\u9605\u8bfb\u65f6\u95f4":"1 \u5206"},"schema":{"@context":"https:\/\/schema.org","@graph":[{"@type":"Article","@id":"https:\/\/la-bergere.fr\/2010-en-primeur-2\/#article","isPartOf":{"@id":"https:\/\/la-bergere.fr\/2010-en-primeur-2\/"},"author":{"name":"alexandre.impinna","@id":"https:\/\/la-bergere.fr\/#\/schema\/person\/f27f3fea6a79cd8f58f092f2ea8601ac"},"headline":"L\u2019envol\u00e9e des sorties 2010","datePublished":"2011-06-09T22:00:00+00:00","mainEntityOfPage":{"@id":"https:\/\/la-bergere.fr\/2010-en-primeur-2\/"},"wordCount":203,"commentCount":0,"image":{"@id":"https:\/\/la-bergere.fr\/2010-en-primeur-2\/#primaryimage"},"thumbnailUrl":"","articleSection":["Autres"],"inLanguage":"zh-Hans","potentialAction":[{"@type":"CommentAction","name":"Comment","target":["https:\/\/la-bergere.fr\/2010-en-primeur-2\/#respond"]}]},{"@type":"WebPage","@id":"https:\/\/la-bergere.fr\/2010-en-primeur-2\/","url":"https:\/\/la-bergere.fr\/2010-en-primeur-2\/","name":"L\u2019envol\u00e9e des sorties 2010 - La Berg\u00e8re","isPartOf":{"@id":"https:\/\/la-bergere.fr\/#website"},"primaryImageOfPage":{"@id":"https:\/\/la-bergere.fr\/2010-en-primeur-2\/#primaryimage"},"image":{"@id":"https:\/\/la-bergere.fr\/2010-en-primeur-2\/#primaryimage"},"thumbnailUrl":"","datePublished":"2011-06-09T22:00:00+00:00","author":{"@id":"https:\/\/la-bergere.fr\/#\/schema\/person\/f27f3fea6a79cd8f58f092f2ea8601ac"},"description":"La Berg\u00e8re - Grands Vins est un n\u00e9gociant en vin pour les professionnels - Vente et Achat de grands vins et grands crus.","breadcrumb":{"@id":"https:\/\/la-bergere.fr\/2010-en-primeur-2\/#breadcrumb"},"inLanguage":"zh-Hans","potentialAction":[{"@type":"ReadAction","target":["https:\/\/la-bergere.fr\/2010-en-primeur-2\/"]}]},{"@type":"ImageObject","inLanguage":"zh-Hans","@id":"https:\/\/la-bergere.fr\/2010-en-primeur-2\/#primaryimage","url":"","contentUrl":""},{"@type":"BreadcrumbList","@id":"https:\/\/la-bergere.fr\/2010-en-primeur-2\/#breadcrumb","itemListElement":[{"@type":"ListItem","position":1,"name":"Accueil","item":"https:\/\/la-bergere.fr\/"},{"@type":"ListItem","position":2,"name":"L\u2019envol\u00e9e des sorties 2010"}]},{"@type":"WebSite","@id":"https:\/\/la-bergere.fr\/#website","url":"https:\/\/la-bergere.fr\/","name":"\u7267\u7f8a\u5973","description":"\u7279\u7ea7\u8461\u8404\u9152\u548c\u4f18\u8d28\u8461\u8404\u9152\u7684\u8d38\u6613","potentialAction":[{"@type":"SearchAction","target":{"@type":"EntryPoint","urlTemplate":"https:\/\/la-bergere.fr\/?s={search_term_string}"},"query-input":{"@type":"PropertyValueSpecification","valueRequired":true,"valueName":"search_term_string"}}],"inLanguage":"zh-Hans"},{"@type":"Person","@id":"https:\/\/la-bergere.fr\/#\/schema\/person\/f27f3fea6a79cd8f58f092f2ea8601ac","name":"alexandre.impinna","image":{"@type":"ImageObject","inLanguage":"zh-Hans","@id":"https:\/\/secure.gravatar.com\/avatar\/d3b9399bb826b1ef1cefaac0bdd8b069b06825b10a9156d1b35cbd91317d20f5?s=96&d=mm&r=g","url":"https:\/\/secure.gravatar.com\/avatar\/d3b9399bb826b1ef1cefaac0bdd8b069b06825b10a9156d1b35cbd91317d20f5?s=96&d=mm&r=g","contentUrl":"https:\/\/secure.gravatar.com\/avatar\/d3b9399bb826b1ef1cefaac0bdd8b069b06825b10a9156d1b35cbd91317d20f5?s=96&d=mm&r=g","caption":"alexandre.impinna"},"url":"https:\/\/la-bergere.fr\/zh\/author\/alexandre-impinna\/"}]}},"_links":{"self":[{"href":"https:\/\/la-bergere.fr\/zh\/wp-json\/wp\/v2\/posts\/82","targetHints":{"allow":["GET"]}}],"collection":[{"href":"https:\/\/la-bergere.fr\/zh\/wp-json\/wp\/v2\/posts"}],"about":[{"href":"https:\/\/la-bergere.fr\/zh\/wp-json\/wp\/v2\/types\/post"}],"author":[{"embeddable":true,"href":"https:\/\/la-bergere.fr\/zh\/wp-json\/wp\/v2\/users\/12"}],"replies":[{"embeddable":true,"href":"https:\/\/la-bergere.fr\/zh\/wp-json\/wp\/v2\/comments?post=82"}],"version-history":[{"count":0,"href":"https:\/\/la-bergere.fr\/zh\/wp-json\/wp\/v2\/posts\/82\/revisions"}],"wp:featuredmedia":[{"embeddable":true,"href":"https:\/\/la-bergere.fr\/zh\/wp-json\/"}],"wp:attachment":[{"href":"https:\/\/la-bergere.fr\/zh\/wp-json\/wp\/v2\/media?parent=82"}],"wp:term":[{"taxonomy":"category","embeddable":true,"href":"https:\/\/la-bergere.fr\/zh\/wp-json\/wp\/v2\/categories?post=82"},{"taxonomy":"post_tag","embeddable":true,"href":"https:\/\/la-bergere.fr\/zh\/wp-json\/wp\/v2\/tags?post=82"}],"curies":[{"name":"wp","href":"https:\/\/api.w.org\/{rel}","templated":true}]}}