{"id":79,"date":"2011-06-08T15:46:36","date_gmt":"2011-06-08T14:46:36","guid":{"rendered":"http:\/\/dev.bikloz.net\/lbv\/en\/non-classe\/bordeaux-2011-2\/"},"modified":"2011-06-08T15:46:36","modified_gmt":"2011-06-08T14:46:36","slug":"bordeaux-2011-2","status":"publish","type":"post","link":"https:\/\/la-bergere.fr\/zh\/bordeaux-2011-2\/","title":{"rendered":"Des records de s\u00e9cheresse, de chaleur et d&rsquo;ensoleillement pour le bordeaux 2011"},"content":{"rendered":"<p>Le Bordelais a besoin de pluie, disent les vignerons. La r\u00e9gion connait en effet des records de s\u00e9cheresse, de chaleur et d&rsquo;ensoleillement depuis le d\u00e9but de l&rsquo;ann\u00e9e 2011.<\/p>\n<p>  <!--more-->  Depuis janvier, le Bordelais a re\u00e7u beaucoup moins de pr\u00e9cipitations que d&rsquo;habitude : 27 mm au lieu de 92 mm en moyenne en janvier, 62 mm au lieu de 82 mm en moyenne en f\u00e9vrier, moins de la moiti\u00e9 de la moyenne habituelle de 70 mm en mars et seulement 11,2 mm de pluie au lieu des 82 mm de moyenne en avril.<\/p>\n<p>Nous n&rsquo;avions encore jamais vu \u00e7a, explique Jean-Claude Berrouet qui travaille pour Maison Moueix et de nombreux vins de Pomerol comme Petrus, le Ch\u00e2teau Trotanoy ou encore le Ch\u00e2teau La Fleur Petrus, entre autres.<\/p>\n<p>Berrouet a expliqu\u00e9 \u00e0 Decanter.com que l&rsquo;ensoleillement et les temp\u00e9ratures avaient \u00e9t\u00e9 bien plus \u00e9lev\u00e9s qu&rsquo;\u00e0 l&rsquo;accoutum\u00e9e : 279 heures d&rsquo;ensoleillement en avril, compar\u00e9es \u00e0 117 heures en moyenne pour le m\u00eame mois, par exemple.<\/p>\n<p>Selon Eric Boissenot, consultant pour certains des plus grands domaines du M\u00e9doc, la tendance a perdur\u00e9 en mai. <\/p>\n<p>Selon lui, m\u00eame si la floraison a \u00e9t\u00e9 tr\u00e8s homog\u00e8ne et les vignes sont en bonne sant\u00e9, la m\u00e9t\u00e9o s\u00e8che \u00ab pourrait devenir probl\u00e9matique si elle se poursuivait en \u00e9t\u00e9 car les vignes seraient alors en \u00e9tat de stress hydrique. \u00bb<\/p>\n<p>Pour l&rsquo;instant, on s&rsquo;attend \u00e0 une r\u00e9colte 2011 pr\u00e9coce puisque le d\u00e9veloppement des vignes a \u00ab deux bonnes semaines d&rsquo;avance \u00bb, a ajout\u00e9 Boissenot.<\/p>\n<p>Source: Panos Kakaviatos<br \/><a target=\"_blank\" href=\"http:\/\/www.decanter.com\/news\/wine-news\/527655\/bordeaux-2011-record-rain-deficits-temperatures-and-sunlight\">\u503e\u6790\u5668\u7f51<\/a><br \/>2 juin 2011<\/p>","protected":false},"excerpt":{"rendered":"<p>Le Bordelais a besoin de pluie, disent les vignerons. La r\u00e9gion connait en effet des records de s\u00e9cheresse, de chaleur et d&rsquo;ensoleillement depuis le d\u00e9but de l&rsquo;ann\u00e9e 2011.<\/p>","protected":false},"author":12,"featured_media":0,"comment_status":"open","ping_status":"open","sticky":false,"template":"","format":"standard","meta":{"footnotes":""},"categories":[1],"tags":[],"class_list":["post-79","post","type-post","status-publish","format-standard","hentry","category-autres"],"yoast_head":"<!-- This site is optimized with the Yoast SEO plugin v27.5 - https:\/\/yoast.com\/product\/yoast-seo-wordpress\/ -->\n<title>Des records de s\u00e9cheresse, de chaleur et d&#039;ensoleillement pour le bordeaux 2011 - La Berg\u00e8re<\/title>\n<meta name=\"description\" content=\"La Berg\u00e8re - Grands Vins est un n\u00e9gociant en vin pour les professionnels - Vente et Achat de grands vins et grands crus.\" \/>\n<meta name=\"robots\" content=\"index, follow, max-snippet:-1, max-image-preview:large, max-video-preview:-1\" \/>\n<link rel=\"canonical\" href=\"https:\/\/la-bergere.fr\/zh\/bordeaux-2011-2\/\" \/>\n<meta property=\"og:locale\" content=\"zh_CN\" \/>\n<meta property=\"og:type\" content=\"article\" \/>\n<meta property=\"og:title\" content=\"Des records de s\u00e9cheresse, de chaleur et d&#039;ensoleillement pour le bordeaux 2011 - La Berg\u00e8re\" \/>\n<meta property=\"og:description\" content=\"La Berg\u00e8re - Grands Vins est un n\u00e9gociant en vin pour les professionnels - Vente et Achat de grands vins et grands crus.\" \/>\n<meta property=\"og:url\" content=\"https:\/\/la-bergere.fr\/zh\/bordeaux-2011-2\/\" \/>\n<meta property=\"og:site_name\" content=\"La Berg\u00e8re\" \/>\n<meta property=\"article:published_time\" content=\"2011-06-08T14:46:36+00:00\" \/>\n<meta name=\"author\" content=\"alexandre.impinna\" \/>\n<meta name=\"twitter:label1\" content=\"\u4f5c\u8005\" \/>\n\t<meta name=\"twitter:data1\" content=\"alexandre.impinna\" \/>\n\t<meta name=\"twitter:label2\" content=\"\u9884\u8ba1\u9605\u8bfb\u65f6\u95f4\" \/>\n\t<meta name=\"twitter:data2\" content=\"1 \u5206\" \/>\n<script type=\"application\/ld+json\" class=\"yoast-schema-graph\">{\"@context\":\"https:\\\/\\\/schema.org\",\"@graph\":[{\"@type\":\"Article\",\"@id\":\"https:\\\/\\\/la-bergere.fr\\\/bordeaux-2011-2\\\/#article\",\"isPartOf\":{\"@id\":\"https:\\\/\\\/la-bergere.fr\\\/bordeaux-2011-2\\\/\"},\"author\":{\"name\":\"alexandre.impinna\",\"@id\":\"https:\\\/\\\/la-bergere.fr\\\/#\\\/schema\\\/person\\\/f27f3fea6a79cd8f58f092f2ea8601ac\"},\"headline\":\"Des records de s\u00e9cheresse, de chaleur et d&rsquo;ensoleillement pour le bordeaux 2011\",\"datePublished\":\"2011-06-08T14:46:36+00:00\",\"mainEntityOfPage\":{\"@id\":\"https:\\\/\\\/la-bergere.fr\\\/bordeaux-2011-2\\\/\"},\"wordCount\":278,\"commentCount\":0,\"articleSection\":[\"Autres\"],\"inLanguage\":\"zh-Hans\",\"potentialAction\":[{\"@type\":\"CommentAction\",\"name\":\"Comment\",\"target\":[\"https:\\\/\\\/la-bergere.fr\\\/bordeaux-2011-2\\\/#respond\"]}]},{\"@type\":\"WebPage\",\"@id\":\"https:\\\/\\\/la-bergere.fr\\\/bordeaux-2011-2\\\/\",\"url\":\"https:\\\/\\\/la-bergere.fr\\\/bordeaux-2011-2\\\/\",\"name\":\"Des records de s\u00e9cheresse, de chaleur et d'ensoleillement pour le bordeaux 2011 - La Berg\u00e8re\",\"isPartOf\":{\"@id\":\"https:\\\/\\\/la-bergere.fr\\\/#website\"},\"datePublished\":\"2011-06-08T14:46:36+00:00\",\"author\":{\"@id\":\"https:\\\/\\\/la-bergere.fr\\\/#\\\/schema\\\/person\\\/f27f3fea6a79cd8f58f092f2ea8601ac\"},\"description\":\"La Berg\u00e8re - Grands Vins est un n\u00e9gociant en vin pour les professionnels - Vente et Achat de grands vins et grands crus.\",\"breadcrumb\":{\"@id\":\"https:\\\/\\\/la-bergere.fr\\\/bordeaux-2011-2\\\/#breadcrumb\"},\"inLanguage\":\"zh-Hans\",\"potentialAction\":[{\"@type\":\"ReadAction\",\"target\":[\"https:\\\/\\\/la-bergere.fr\\\/bordeaux-2011-2\\\/\"]}]},{\"@type\":\"BreadcrumbList\",\"@id\":\"https:\\\/\\\/la-bergere.fr\\\/bordeaux-2011-2\\\/#breadcrumb\",\"itemListElement\":[{\"@type\":\"ListItem\",\"position\":1,\"name\":\"Accueil\",\"item\":\"https:\\\/\\\/la-bergere.fr\\\/\"},{\"@type\":\"ListItem\",\"position\":2,\"name\":\"Des records de s\u00e9cheresse, de chaleur et d&rsquo;ensoleillement pour le bordeaux 2011\"}]},{\"@type\":\"WebSite\",\"@id\":\"https:\\\/\\\/la-bergere.fr\\\/#website\",\"url\":\"https:\\\/\\\/la-bergere.fr\\\/\",\"name\":\"La Berg\u00e8re\",\"description\":\"N\u00e9goce de grands crus et vins fins\",\"potentialAction\":[{\"@type\":\"SearchAction\",\"target\":{\"@type\":\"EntryPoint\",\"urlTemplate\":\"https:\\\/\\\/la-bergere.fr\\\/?s={search_term_string}\"},\"query-input\":{\"@type\":\"PropertyValueSpecification\",\"valueRequired\":true,\"valueName\":\"search_term_string\"}}],\"inLanguage\":\"zh-Hans\"},{\"@type\":\"Person\",\"@id\":\"https:\\\/\\\/la-bergere.fr\\\/#\\\/schema\\\/person\\\/f27f3fea6a79cd8f58f092f2ea8601ac\",\"name\":\"alexandre.impinna\",\"image\":{\"@type\":\"ImageObject\",\"inLanguage\":\"zh-Hans\",\"@id\":\"https:\\\/\\\/secure.gravatar.com\\\/avatar\\\/d3b9399bb826b1ef1cefaac0bdd8b069b06825b10a9156d1b35cbd91317d20f5?s=96&d=mm&r=g\",\"url\":\"https:\\\/\\\/secure.gravatar.com\\\/avatar\\\/d3b9399bb826b1ef1cefaac0bdd8b069b06825b10a9156d1b35cbd91317d20f5?s=96&d=mm&r=g\",\"contentUrl\":\"https:\\\/\\\/secure.gravatar.com\\\/avatar\\\/d3b9399bb826b1ef1cefaac0bdd8b069b06825b10a9156d1b35cbd91317d20f5?s=96&d=mm&r=g\",\"caption\":\"alexandre.impinna\"},\"url\":\"https:\\\/\\\/la-bergere.fr\\\/zh\\\/author\\\/alexandre-impinna\\\/\"}]}<\/script>\n<!-- \/ Yoast SEO plugin. -->","yoast_head_json":{"title":"Des records de s\u00e9cheresse, de chaleur et d'ensoleillement pour le bordeaux 2011 - La Berg\u00e8re","description":"La Berg\u00e8re - Grands Vins est un n\u00e9gociant en vin pour les professionnels - Vente et Achat de grands vins et grands crus.","robots":{"index":"index","follow":"follow","max-snippet":"max-snippet:-1","max-image-preview":"max-image-preview:large","max-video-preview":"max-video-preview:-1"},"canonical":"https:\/\/la-bergere.fr\/zh\/bordeaux-2011-2\/","og_locale":"zh_CN","og_type":"article","og_title":"Des records de s\u00e9cheresse, de chaleur et d'ensoleillement pour le bordeaux 2011 - La Berg\u00e8re","og_description":"La Berg\u00e8re - Grands Vins est un n\u00e9gociant en vin pour les professionnels - Vente et Achat de grands vins et grands crus.","og_url":"https:\/\/la-bergere.fr\/zh\/bordeaux-2011-2\/","og_site_name":"La Berg\u00e8re","article_published_time":"2011-06-08T14:46:36+00:00","author":"alexandre.impinna","twitter_misc":{"\u4f5c\u8005":"alexandre.impinna","\u9884\u8ba1\u9605\u8bfb\u65f6\u95f4":"1 \u5206"},"schema":{"@context":"https:\/\/schema.org","@graph":[{"@type":"Article","@id":"https:\/\/la-bergere.fr\/bordeaux-2011-2\/#article","isPartOf":{"@id":"https:\/\/la-bergere.fr\/bordeaux-2011-2\/"},"author":{"name":"alexandre.impinna","@id":"https:\/\/la-bergere.fr\/#\/schema\/person\/f27f3fea6a79cd8f58f092f2ea8601ac"},"headline":"Des records de s\u00e9cheresse, de chaleur et d&rsquo;ensoleillement pour le bordeaux 2011","datePublished":"2011-06-08T14:46:36+00:00","mainEntityOfPage":{"@id":"https:\/\/la-bergere.fr\/bordeaux-2011-2\/"},"wordCount":278,"commentCount":0,"articleSection":["Autres"],"inLanguage":"zh-Hans","potentialAction":[{"@type":"CommentAction","name":"Comment","target":["https:\/\/la-bergere.fr\/bordeaux-2011-2\/#respond"]}]},{"@type":"WebPage","@id":"https:\/\/la-bergere.fr\/bordeaux-2011-2\/","url":"https:\/\/la-bergere.fr\/bordeaux-2011-2\/","name":"Des records de s\u00e9cheresse, de chaleur et d'ensoleillement pour le bordeaux 2011 - La Berg\u00e8re","isPartOf":{"@id":"https:\/\/la-bergere.fr\/#website"},"datePublished":"2011-06-08T14:46:36+00:00","author":{"@id":"https:\/\/la-bergere.fr\/#\/schema\/person\/f27f3fea6a79cd8f58f092f2ea8601ac"},"description":"La Berg\u00e8re - Grands Vins est un n\u00e9gociant en vin pour les professionnels - Vente et Achat de grands vins et grands crus.","breadcrumb":{"@id":"https:\/\/la-bergere.fr\/bordeaux-2011-2\/#breadcrumb"},"inLanguage":"zh-Hans","potentialAction":[{"@type":"ReadAction","target":["https:\/\/la-bergere.fr\/bordeaux-2011-2\/"]}]},{"@type":"BreadcrumbList","@id":"https:\/\/la-bergere.fr\/bordeaux-2011-2\/#breadcrumb","itemListElement":[{"@type":"ListItem","position":1,"name":"Accueil","item":"https:\/\/la-bergere.fr\/"},{"@type":"ListItem","position":2,"name":"Des records de s\u00e9cheresse, de chaleur et d&rsquo;ensoleillement pour le bordeaux 2011"}]},{"@type":"WebSite","@id":"https:\/\/la-bergere.fr\/#website","url":"https:\/\/la-bergere.fr\/","name":"\u7267\u7f8a\u5973","description":"\u7279\u7ea7\u8461\u8404\u9152\u548c\u4f18\u8d28\u8461\u8404\u9152\u7684\u8d38\u6613","potentialAction":[{"@type":"SearchAction","target":{"@type":"EntryPoint","urlTemplate":"https:\/\/la-bergere.fr\/?s={search_term_string}"},"query-input":{"@type":"PropertyValueSpecification","valueRequired":true,"valueName":"search_term_string"}}],"inLanguage":"zh-Hans"},{"@type":"Person","@id":"https:\/\/la-bergere.fr\/#\/schema\/person\/f27f3fea6a79cd8f58f092f2ea8601ac","name":"alexandre.impinna","image":{"@type":"ImageObject","inLanguage":"zh-Hans","@id":"https:\/\/secure.gravatar.com\/avatar\/d3b9399bb826b1ef1cefaac0bdd8b069b06825b10a9156d1b35cbd91317d20f5?s=96&d=mm&r=g","url":"https:\/\/secure.gravatar.com\/avatar\/d3b9399bb826b1ef1cefaac0bdd8b069b06825b10a9156d1b35cbd91317d20f5?s=96&d=mm&r=g","contentUrl":"https:\/\/secure.gravatar.com\/avatar\/d3b9399bb826b1ef1cefaac0bdd8b069b06825b10a9156d1b35cbd91317d20f5?s=96&d=mm&r=g","caption":"alexandre.impinna"},"url":"https:\/\/la-bergere.fr\/zh\/author\/alexandre-impinna\/"}]}},"_links":{"self":[{"href":"https:\/\/la-bergere.fr\/zh\/wp-json\/wp\/v2\/posts\/79","targetHints":{"allow":["GET"]}}],"collection":[{"href":"https:\/\/la-bergere.fr\/zh\/wp-json\/wp\/v2\/posts"}],"about":[{"href":"https:\/\/la-bergere.fr\/zh\/wp-json\/wp\/v2\/types\/post"}],"author":[{"embeddable":true,"href":"https:\/\/la-bergere.fr\/zh\/wp-json\/wp\/v2\/users\/12"}],"replies":[{"embeddable":true,"href":"https:\/\/la-bergere.fr\/zh\/wp-json\/wp\/v2\/comments?post=79"}],"version-history":[{"count":0,"href":"https:\/\/la-bergere.fr\/zh\/wp-json\/wp\/v2\/posts\/79\/revisions"}],"wp:attachment":[{"href":"https:\/\/la-bergere.fr\/zh\/wp-json\/wp\/v2\/media?parent=79"}],"wp:term":[{"taxonomy":"category","embeddable":true,"href":"https:\/\/la-bergere.fr\/zh\/wp-json\/wp\/v2\/categories?post=79"},{"taxonomy":"post_tag","embeddable":true,"href":"https:\/\/la-bergere.fr\/zh\/wp-json\/wp\/v2\/tags?post=79"}],"curies":[{"name":"wp","href":"https:\/\/api.w.org\/{rel}","templated":true}]}}