{"id":319,"date":"2013-11-28T14:53:55","date_gmt":"2013-11-28T13:53:55","guid":{"rendered":"http:\/\/localhost-wp\/www.labergerevintners.com\/?p=319"},"modified":"2014-09-03T11:50:30","modified_gmt":"2014-09-03T10:50:30","slug":"chateau-de-la-maltroye","status":"publish","type":"post","link":"https:\/\/la-bergere.fr\/zh\/chateau-de-la-maltroye\/","title":{"rendered":"Chateau de la Maltroye"},"content":{"rendered":"<p>Propri\u00e9t\u00e9 familiale acquise en 1940, le Ch\u00e2teau de la Maltroye avec son toit de tuiles verniss\u00e9es du 18e si\u00e8cle est situ\u00e9 sur le haut du village. Il poss\u00e8de de superbes caves vo\u00fbt\u00e9es du 15e si\u00e8cle.<\/p>\n<p>Le Domaine est compos\u00e9 de 13 Ha sur Chassagne-Montrachet et de 2 Ha sur Santenay. Production d&rsquo;environ 60 000 bouteilles par an ; 60 % en blanc (Chardonnay), 40 % en rouge (Pinot noir) dont 70 % de 1er crus parmi les plus prestigieux du village.<br \/>\nPHILOSOPHIE<\/p>\n<p>Travail m\u00e9canique des sols, lutte raisonn\u00e9e pour les traitements et ma\u00eetrise des rendements constituent la politique du Domaine ax\u00e9e sur la qualit\u00e9. Les raisins ainsi obtenus, vendang\u00e9s et tri\u00e9s manuellement, garantissent l&rsquo;\u00e9laboration de grands vins de garde.<\/p>\n<p><strong>\u00a0<\/strong><\/p>","protected":false},"excerpt":{"rendered":"<p>Propri\u00e9t\u00e9 familiale acquise en 1940, le Ch\u00e2teau de la Maltroye avec son toit de tuiles verniss\u00e9es du 18e si\u00e8cle est situ\u00e9 sur le haut du village. Il poss\u00e8de de superbes caves vo\u00fbt\u00e9es du 15e si\u00e8cle. Le Domaine est compos\u00e9 de 13 Ha sur Chassagne-Montrachet et de 2 Ha sur Santenay. Production d&rsquo;environ 60 000 bouteilles [&hellip;]<\/p>\n","protected":false},"author":12,"featured_media":1506,"comment_status":"open","ping_status":"open","sticky":false,"template":"","format":"standard","meta":{"footnotes":""},"categories":[6,8],"tags":[],"class_list":["post-319","post","type-post","status-publish","format-standard","has-post-thumbnail","hentry","category-marche-du-vin","category-vin-du-mois"],"yoast_head":"<!-- This site is optimized with the Yoast SEO plugin v27.5 - https:\/\/yoast.com\/product\/yoast-seo-wordpress\/ -->\n<title>Chateau de la Maltroye - La Berg\u00e8re<\/title>\n<meta name=\"description\" content=\"La Berg\u00e8re - Grands Vins est un n\u00e9gociant en vin pour les professionnels - Vente et Achat de grands vins et grands crus.\" \/>\n<meta name=\"robots\" content=\"index, follow, max-snippet:-1, max-image-preview:large, max-video-preview:-1\" \/>\n<link rel=\"canonical\" href=\"https:\/\/la-bergere.fr\/zh\/chateau-de-la-maltroye\/\" \/>\n<meta property=\"og:locale\" content=\"zh_CN\" \/>\n<meta property=\"og:type\" content=\"article\" \/>\n<meta property=\"og:title\" content=\"Chateau de la Maltroye - La Berg\u00e8re\" \/>\n<meta property=\"og:description\" content=\"La Berg\u00e8re - Grands Vins est un n\u00e9gociant en vin pour les professionnels - Vente et Achat de grands vins et grands crus.\" \/>\n<meta property=\"og:url\" content=\"https:\/\/la-bergere.fr\/zh\/chateau-de-la-maltroye\/\" \/>\n<meta property=\"og:site_name\" content=\"La Berg\u00e8re\" \/>\n<meta property=\"article:published_time\" content=\"2013-11-28T13:53:55+00:00\" \/>\n<meta property=\"article:modified_time\" content=\"2014-09-03T10:50:30+00:00\" \/>\n<meta property=\"og:image\" content=\"https:\/\/la-bergere.fr\/wp-content\/uploads\/2014\/07\/bkz-136.jpg\" \/>\n\t<meta property=\"og:image:width\" content=\"851\" \/>\n\t<meta property=\"og:image:height\" content=\"567\" \/>\n\t<meta property=\"og:image:type\" content=\"image\/jpeg\" \/>\n<meta name=\"author\" content=\"alexandre.impinna\" \/>\n<meta name=\"twitter:label1\" content=\"\u4f5c\u8005\" \/>\n\t<meta name=\"twitter:data1\" content=\"alexandre.impinna\" \/>\n\t<meta name=\"twitter:label2\" content=\"\u9884\u8ba1\u9605\u8bfb\u65f6\u95f4\" \/>\n\t<meta name=\"twitter:data2\" content=\"1 \u5206\" \/>\n<script type=\"application\/ld+json\" class=\"yoast-schema-graph\">{\"@context\":\"https:\\\/\\\/schema.org\",\"@graph\":[{\"@type\":\"Article\",\"@id\":\"https:\\\/\\\/la-bergere.fr\\\/chateau-de-la-maltroye\\\/#article\",\"isPartOf\":{\"@id\":\"https:\\\/\\\/la-bergere.fr\\\/chateau-de-la-maltroye\\\/\"},\"author\":{\"name\":\"alexandre.impinna\",\"@id\":\"https:\\\/\\\/la-bergere.fr\\\/#\\\/schema\\\/person\\\/f27f3fea6a79cd8f58f092f2ea8601ac\"},\"headline\":\"Chateau de la Maltroye\",\"datePublished\":\"2013-11-28T13:53:55+00:00\",\"dateModified\":\"2014-09-03T10:50:30+00:00\",\"mainEntityOfPage\":{\"@id\":\"https:\\\/\\\/la-bergere.fr\\\/chateau-de-la-maltroye\\\/\"},\"wordCount\":127,\"commentCount\":0,\"image\":{\"@id\":\"https:\\\/\\\/la-bergere.fr\\\/chateau-de-la-maltroye\\\/#primaryimage\"},\"thumbnailUrl\":\"https:\\\/\\\/la-bergere.fr\\\/wp-content\\\/uploads\\\/2014\\\/07\\\/bkz-136.jpg\",\"articleSection\":[\"March\u00e9 du vin\",\"Vin du mois\"],\"inLanguage\":\"zh-Hans\",\"potentialAction\":[{\"@type\":\"CommentAction\",\"name\":\"Comment\",\"target\":[\"https:\\\/\\\/la-bergere.fr\\\/chateau-de-la-maltroye\\\/#respond\"]}]},{\"@type\":\"WebPage\",\"@id\":\"https:\\\/\\\/la-bergere.fr\\\/chateau-de-la-maltroye\\\/\",\"url\":\"https:\\\/\\\/la-bergere.fr\\\/chateau-de-la-maltroye\\\/\",\"name\":\"Chateau de la Maltroye - La Berg\u00e8re\",\"isPartOf\":{\"@id\":\"https:\\\/\\\/la-bergere.fr\\\/#website\"},\"primaryImageOfPage\":{\"@id\":\"https:\\\/\\\/la-bergere.fr\\\/chateau-de-la-maltroye\\\/#primaryimage\"},\"image\":{\"@id\":\"https:\\\/\\\/la-bergere.fr\\\/chateau-de-la-maltroye\\\/#primaryimage\"},\"thumbnailUrl\":\"https:\\\/\\\/la-bergere.fr\\\/wp-content\\\/uploads\\\/2014\\\/07\\\/bkz-136.jpg\",\"datePublished\":\"2013-11-28T13:53:55+00:00\",\"dateModified\":\"2014-09-03T10:50:30+00:00\",\"author\":{\"@id\":\"https:\\\/\\\/la-bergere.fr\\\/#\\\/schema\\\/person\\\/f27f3fea6a79cd8f58f092f2ea8601ac\"},\"description\":\"La Berg\u00e8re - Grands Vins est un n\u00e9gociant en vin pour les professionnels - Vente et Achat de grands vins et grands crus.\",\"breadcrumb\":{\"@id\":\"https:\\\/\\\/la-bergere.fr\\\/chateau-de-la-maltroye\\\/#breadcrumb\"},\"inLanguage\":\"zh-Hans\",\"potentialAction\":[{\"@type\":\"ReadAction\",\"target\":[\"https:\\\/\\\/la-bergere.fr\\\/chateau-de-la-maltroye\\\/\"]}]},{\"@type\":\"ImageObject\",\"inLanguage\":\"zh-Hans\",\"@id\":\"https:\\\/\\\/la-bergere.fr\\\/chateau-de-la-maltroye\\\/#primaryimage\",\"url\":\"https:\\\/\\\/la-bergere.fr\\\/wp-content\\\/uploads\\\/2014\\\/07\\\/bkz-136.jpg\",\"contentUrl\":\"https:\\\/\\\/la-bergere.fr\\\/wp-content\\\/uploads\\\/2014\\\/07\\\/bkz-136.jpg\",\"width\":851,\"height\":567},{\"@type\":\"BreadcrumbList\",\"@id\":\"https:\\\/\\\/la-bergere.fr\\\/chateau-de-la-maltroye\\\/#breadcrumb\",\"itemListElement\":[{\"@type\":\"ListItem\",\"position\":1,\"name\":\"Accueil\",\"item\":\"https:\\\/\\\/la-bergere.fr\\\/\"},{\"@type\":\"ListItem\",\"position\":2,\"name\":\"Chateau de la Maltroye\"}]},{\"@type\":\"WebSite\",\"@id\":\"https:\\\/\\\/la-bergere.fr\\\/#website\",\"url\":\"https:\\\/\\\/la-bergere.fr\\\/\",\"name\":\"La Berg\u00e8re\",\"description\":\"N\u00e9goce de grands crus et vins fins\",\"potentialAction\":[{\"@type\":\"SearchAction\",\"target\":{\"@type\":\"EntryPoint\",\"urlTemplate\":\"https:\\\/\\\/la-bergere.fr\\\/?s={search_term_string}\"},\"query-input\":{\"@type\":\"PropertyValueSpecification\",\"valueRequired\":true,\"valueName\":\"search_term_string\"}}],\"inLanguage\":\"zh-Hans\"},{\"@type\":\"Person\",\"@id\":\"https:\\\/\\\/la-bergere.fr\\\/#\\\/schema\\\/person\\\/f27f3fea6a79cd8f58f092f2ea8601ac\",\"name\":\"alexandre.impinna\",\"image\":{\"@type\":\"ImageObject\",\"inLanguage\":\"zh-Hans\",\"@id\":\"https:\\\/\\\/secure.gravatar.com\\\/avatar\\\/d3b9399bb826b1ef1cefaac0bdd8b069b06825b10a9156d1b35cbd91317d20f5?s=96&d=mm&r=g\",\"url\":\"https:\\\/\\\/secure.gravatar.com\\\/avatar\\\/d3b9399bb826b1ef1cefaac0bdd8b069b06825b10a9156d1b35cbd91317d20f5?s=96&d=mm&r=g\",\"contentUrl\":\"https:\\\/\\\/secure.gravatar.com\\\/avatar\\\/d3b9399bb826b1ef1cefaac0bdd8b069b06825b10a9156d1b35cbd91317d20f5?s=96&d=mm&r=g\",\"caption\":\"alexandre.impinna\"},\"url\":\"https:\\\/\\\/la-bergere.fr\\\/zh\\\/author\\\/alexandre-impinna\\\/\"}]}<\/script>\n<!-- \/ Yoast SEO plugin. -->","yoast_head_json":{"title":"Chateau de la Maltroye - La Berg\u00e8re","description":"La Berg\u00e8re - Grands Vins est un n\u00e9gociant en vin pour les professionnels - Vente et Achat de grands vins et grands crus.","robots":{"index":"index","follow":"follow","max-snippet":"max-snippet:-1","max-image-preview":"max-image-preview:large","max-video-preview":"max-video-preview:-1"},"canonical":"https:\/\/la-bergere.fr\/zh\/chateau-de-la-maltroye\/","og_locale":"zh_CN","og_type":"article","og_title":"Chateau de la Maltroye - La Berg\u00e8re","og_description":"La Berg\u00e8re - Grands Vins est un n\u00e9gociant en vin pour les professionnels - Vente et Achat de grands vins et grands crus.","og_url":"https:\/\/la-bergere.fr\/zh\/chateau-de-la-maltroye\/","og_site_name":"La Berg\u00e8re","article_published_time":"2013-11-28T13:53:55+00:00","article_modified_time":"2014-09-03T10:50:30+00:00","og_image":[{"width":851,"height":567,"url":"https:\/\/la-bergere.fr\/wp-content\/uploads\/2014\/07\/bkz-136.jpg","type":"image\/jpeg"}],"author":"alexandre.impinna","twitter_misc":{"\u4f5c\u8005":"alexandre.impinna","\u9884\u8ba1\u9605\u8bfb\u65f6\u95f4":"1 \u5206"},"schema":{"@context":"https:\/\/schema.org","@graph":[{"@type":"Article","@id":"https:\/\/la-bergere.fr\/chateau-de-la-maltroye\/#article","isPartOf":{"@id":"https:\/\/la-bergere.fr\/chateau-de-la-maltroye\/"},"author":{"name":"alexandre.impinna","@id":"https:\/\/la-bergere.fr\/#\/schema\/person\/f27f3fea6a79cd8f58f092f2ea8601ac"},"headline":"Chateau de la Maltroye","datePublished":"2013-11-28T13:53:55+00:00","dateModified":"2014-09-03T10:50:30+00:00","mainEntityOfPage":{"@id":"https:\/\/la-bergere.fr\/chateau-de-la-maltroye\/"},"wordCount":127,"commentCount":0,"image":{"@id":"https:\/\/la-bergere.fr\/chateau-de-la-maltroye\/#primaryimage"},"thumbnailUrl":"https:\/\/la-bergere.fr\/wp-content\/uploads\/2014\/07\/bkz-136.jpg","articleSection":["March\u00e9 du vin","Vin du mois"],"inLanguage":"zh-Hans","potentialAction":[{"@type":"CommentAction","name":"Comment","target":["https:\/\/la-bergere.fr\/chateau-de-la-maltroye\/#respond"]}]},{"@type":"WebPage","@id":"https:\/\/la-bergere.fr\/chateau-de-la-maltroye\/","url":"https:\/\/la-bergere.fr\/chateau-de-la-maltroye\/","name":"Chateau de la Maltroye - La Berg\u00e8re","isPartOf":{"@id":"https:\/\/la-bergere.fr\/#website"},"primaryImageOfPage":{"@id":"https:\/\/la-bergere.fr\/chateau-de-la-maltroye\/#primaryimage"},"image":{"@id":"https:\/\/la-bergere.fr\/chateau-de-la-maltroye\/#primaryimage"},"thumbnailUrl":"https:\/\/la-bergere.fr\/wp-content\/uploads\/2014\/07\/bkz-136.jpg","datePublished":"2013-11-28T13:53:55+00:00","dateModified":"2014-09-03T10:50:30+00:00","author":{"@id":"https:\/\/la-bergere.fr\/#\/schema\/person\/f27f3fea6a79cd8f58f092f2ea8601ac"},"description":"La Berg\u00e8re - Grands Vins est un n\u00e9gociant en vin pour les professionnels - Vente et Achat de grands vins et grands crus.","breadcrumb":{"@id":"https:\/\/la-bergere.fr\/chateau-de-la-maltroye\/#breadcrumb"},"inLanguage":"zh-Hans","potentialAction":[{"@type":"ReadAction","target":["https:\/\/la-bergere.fr\/chateau-de-la-maltroye\/"]}]},{"@type":"ImageObject","inLanguage":"zh-Hans","@id":"https:\/\/la-bergere.fr\/chateau-de-la-maltroye\/#primaryimage","url":"https:\/\/la-bergere.fr\/wp-content\/uploads\/2014\/07\/bkz-136.jpg","contentUrl":"https:\/\/la-bergere.fr\/wp-content\/uploads\/2014\/07\/bkz-136.jpg","width":851,"height":567},{"@type":"BreadcrumbList","@id":"https:\/\/la-bergere.fr\/chateau-de-la-maltroye\/#breadcrumb","itemListElement":[{"@type":"ListItem","position":1,"name":"Accueil","item":"https:\/\/la-bergere.fr\/"},{"@type":"ListItem","position":2,"name":"Chateau de la Maltroye"}]},{"@type":"WebSite","@id":"https:\/\/la-bergere.fr\/#website","url":"https:\/\/la-bergere.fr\/","name":"\u7267\u7f8a\u5973","description":"\u7279\u7ea7\u8461\u8404\u9152\u548c\u4f18\u8d28\u8461\u8404\u9152\u7684\u8d38\u6613","potentialAction":[{"@type":"SearchAction","target":{"@type":"EntryPoint","urlTemplate":"https:\/\/la-bergere.fr\/?s={search_term_string}"},"query-input":{"@type":"PropertyValueSpecification","valueRequired":true,"valueName":"search_term_string"}}],"inLanguage":"zh-Hans"},{"@type":"Person","@id":"https:\/\/la-bergere.fr\/#\/schema\/person\/f27f3fea6a79cd8f58f092f2ea8601ac","name":"alexandre.impinna","image":{"@type":"ImageObject","inLanguage":"zh-Hans","@id":"https:\/\/secure.gravatar.com\/avatar\/d3b9399bb826b1ef1cefaac0bdd8b069b06825b10a9156d1b35cbd91317d20f5?s=96&d=mm&r=g","url":"https:\/\/secure.gravatar.com\/avatar\/d3b9399bb826b1ef1cefaac0bdd8b069b06825b10a9156d1b35cbd91317d20f5?s=96&d=mm&r=g","contentUrl":"https:\/\/secure.gravatar.com\/avatar\/d3b9399bb826b1ef1cefaac0bdd8b069b06825b10a9156d1b35cbd91317d20f5?s=96&d=mm&r=g","caption":"alexandre.impinna"},"url":"https:\/\/la-bergere.fr\/zh\/author\/alexandre-impinna\/"}]}},"_links":{"self":[{"href":"https:\/\/la-bergere.fr\/zh\/wp-json\/wp\/v2\/posts\/319","targetHints":{"allow":["GET"]}}],"collection":[{"href":"https:\/\/la-bergere.fr\/zh\/wp-json\/wp\/v2\/posts"}],"about":[{"href":"https:\/\/la-bergere.fr\/zh\/wp-json\/wp\/v2\/types\/post"}],"author":[{"embeddable":true,"href":"https:\/\/la-bergere.fr\/zh\/wp-json\/wp\/v2\/users\/12"}],"replies":[{"embeddable":true,"href":"https:\/\/la-bergere.fr\/zh\/wp-json\/wp\/v2\/comments?post=319"}],"version-history":[{"count":0,"href":"https:\/\/la-bergere.fr\/zh\/wp-json\/wp\/v2\/posts\/319\/revisions"}],"wp:featuredmedia":[{"embeddable":true,"href":"https:\/\/la-bergere.fr\/zh\/wp-json\/wp\/v2\/media\/1506"}],"wp:attachment":[{"href":"https:\/\/la-bergere.fr\/zh\/wp-json\/wp\/v2\/media?parent=319"}],"wp:term":[{"taxonomy":"category","embeddable":true,"href":"https:\/\/la-bergere.fr\/zh\/wp-json\/wp\/v2\/categories?post=319"},{"taxonomy":"post_tag","embeddable":true,"href":"https:\/\/la-bergere.fr\/zh\/wp-json\/wp\/v2\/tags?post=319"}],"curies":[{"name":"wp","href":"https:\/\/api.w.org\/{rel}","templated":true}]}}