{"id":216,"date":"2012-10-15T23:00:00","date_gmt":"2012-10-15T22:00:00","guid":{"rendered":"http:\/\/dev.bikloz.net\/lbv\/en\/non-classe\/prats-quitte-cos-destournel\/"},"modified":"2012-10-15T23:00:00","modified_gmt":"2012-10-15T22:00:00","slug":"prats-quitte-cos-destournel","status":"publish","type":"post","link":"https:\/\/la-bergere.fr\/zh\/prats-quitte-cos-destournel\/","title":{"rendered":"Prats quitte Cos d&rsquo;Estournel"},"content":{"rendered":"<p>C&rsquo;est dans une lettre adress\u00e9e aux n\u00e9gociants que Michel Reybier, le propri\u00e9taire de Cos d&rsquo;Estournel, a annonc\u00e9 que Prats se lan\u00e7ait \u00ab un nouveau d\u00e9fi professionnel \u00bb, ajoutant : \u00ab Je voudrais le f\u00e9liciter ainsi que toute l&rsquo;\u00e9quipe de Cos d&rsquo;Estournel pour le tr\u00e8s bon travail toutes ses ann\u00e9es durant, et lui souhaiter tout le succ\u00e8s possible. \u00bb<\/p>\n<p>  <!--more-->  <\/p>\n<p><img loading=\"lazy\" decoding=\"async\" class=\"alignright size-full wp-image-215\" style=\"float: right\" alt=\"Jean-Guillaume Prats, photo credit: the wine cellar insider\" src=\"http:\/\/dev.bikloz.net\/lbv\/en\/wp-content\/uploads\/sites\/2\/2012\/10\/JG.jpg\" width=\"365\" height=\"323\" \/>La nouvelle est tomb\u00e9e le 15 octobre, faisant plus d&rsquo;un surpris, m\u00eame s&rsquo;il semble que la d\u00e9cision appartienne \u00e0 Prats plut\u00f4t qu&rsquo;\u00e0 Reybier.<\/p>\n<p>Apparemment, Prats restera au ch\u00e2teau jusqu&rsquo;\u00e0 fin janvier avant de partir pour un autre domaine, dont le nom n&rsquo;est pas encore connu.<\/p>\n<p>The Drinks Business pense qu&rsquo;il pourrait \u00eatre en route pour l&rsquo;Afrique du Sud, o\u00f9 son p\u00e8re Bruno et Hubert de Bo\u00fcard du Ch\u00e2teau Ang\u00e9lus travaillent sur un projet dans le vignoble de Constantia.<\/p>\n<p>Christophe Ranger, un collaborateur de Reybier, est donn\u00e9 grand favori \u00e0 la succession de Prats.<\/p>\n<p>Prats g\u00e8re le domaine depuis 2001 et a supervis\u00e9 l&rsquo;ascension continue de Cos d&rsquo;Estournel lors de la derni\u00e8re d\u00e9cennie, \u00e0 la fois sur le plan de la renomm\u00e9e que sur celui des prix.<\/p>\n<p>Le mill\u00e9sime 2009 a fait sensation en sortant \u00e0 un prix exceptionnellement \u00e9lev\u00e9 qui a divis\u00e9 le secteur. Jancis Robinson MW n&rsquo;a pas \u00e9t\u00e9 convaincu du tout par son degr\u00e9 d&rsquo;alcool \u00e9lev\u00e9 et par sa forte concentration, alors qu&rsquo;il s&rsquo;agit d&rsquo;un des vins pr\u00e9f\u00e9r\u00e9s de Robert Parker pour ce mill\u00e9sime, qu&rsquo;il a inclus dans les \u00ab Magical 20 \u00bb, s\u00e9lection fa\u00eete pour une d\u00e9gustation publique \u00e0 Hong Kong l&rsquo;ann\u00e9e derni\u00e8re.<\/p>\n<p>Ce vin a ensuite connu un regain d&rsquo;int\u00e9r\u00eat consid\u00e9rable. Cependant, le prix \u00e9lev\u00e9 du mill\u00e9sime 2011 a eu moins de succ\u00e8s autant sur le march\u00e9 qu&rsquo;aupr\u00e8s des collectionneurs, beaucoup d&rsquo;entre eux voyant d&rsquo;un mauvais \u0153il la tentative de repositionnement du ch\u00e2teau.The news broke on 15th Octover, taking many by surprise although it is thought that it was Prats\u2019 choice rather than that of Reybier.<\/p>\n<p>Source: Rupert Millar<br \/><a href=\"http:\/\/www.thedrinksbusiness.com\/2012\/10\/prats-to-leave-cos-destournel\/\" target=\"_blank\">Thedrinksbusiness.com<\/a><br \/>16 octobre 2012<\/p>","protected":false},"excerpt":{"rendered":"<p>C&rsquo;est dans une lettre adress\u00e9e aux n\u00e9gociants que Michel Reybier, le propri\u00e9taire de Cos d&rsquo;Estournel, a annonc\u00e9 que Prats se lan\u00e7ait \u00ab un nouveau d\u00e9fi professionnel \u00bb, ajoutant : \u00ab Je voudrais le f\u00e9liciter ainsi que toute l&rsquo;\u00e9quipe de Cos d&rsquo;Estournel pour le tr\u00e8s bon travail toutes ses ann\u00e9es durant, et lui souhaiter tout le [&hellip;]<\/p>\n","protected":false},"author":12,"featured_media":215,"comment_status":"open","ping_status":"open","sticky":false,"template":"","format":"standard","meta":{"footnotes":""},"categories":[1],"tags":[],"class_list":["post-216","post","type-post","status-publish","format-standard","has-post-thumbnail","hentry","category-autres"],"yoast_head":"<!-- This site is optimized with the Yoast SEO plugin v27.5 - https:\/\/yoast.com\/product\/yoast-seo-wordpress\/ -->\n<title>Prats quitte Cos d&#039;Estournel - La Berg\u00e8re<\/title>\n<meta name=\"description\" content=\"La Berg\u00e8re - Grands Vins est un n\u00e9gociant en vin pour les professionnels - Vente et Achat de grands vins et grands crus.\" \/>\n<meta name=\"robots\" content=\"index, follow, max-snippet:-1, max-image-preview:large, max-video-preview:-1\" \/>\n<link rel=\"canonical\" href=\"https:\/\/la-bergere.fr\/zh\/prats-quitte-cos-destournel\/\" \/>\n<meta property=\"og:locale\" content=\"zh_CN\" \/>\n<meta property=\"og:type\" content=\"article\" \/>\n<meta property=\"og:title\" content=\"Prats quitte Cos d&#039;Estournel - La Berg\u00e8re\" \/>\n<meta property=\"og:description\" content=\"La Berg\u00e8re - Grands Vins est un n\u00e9gociant en vin pour les professionnels - Vente et Achat de grands vins et grands crus.\" \/>\n<meta property=\"og:url\" content=\"https:\/\/la-bergere.fr\/zh\/prats-quitte-cos-destournel\/\" \/>\n<meta property=\"og:site_name\" content=\"La Berg\u00e8re\" \/>\n<meta property=\"article:published_time\" content=\"2012-10-15T22:00:00+00:00\" \/>\n<meta name=\"author\" content=\"alexandre.impinna\" \/>\n<meta name=\"twitter:label1\" content=\"\u4f5c\u8005\" \/>\n\t<meta name=\"twitter:data1\" content=\"alexandre.impinna\" \/>\n\t<meta name=\"twitter:label2\" content=\"\u9884\u8ba1\u9605\u8bfb\u65f6\u95f4\" \/>\n\t<meta name=\"twitter:data2\" content=\"2 \u5206\" \/>\n<script type=\"application\/ld+json\" class=\"yoast-schema-graph\">{\"@context\":\"https:\\\/\\\/schema.org\",\"@graph\":[{\"@type\":\"Article\",\"@id\":\"https:\\\/\\\/la-bergere.fr\\\/prats-quitte-cos-destournel\\\/#article\",\"isPartOf\":{\"@id\":\"https:\\\/\\\/la-bergere.fr\\\/prats-quitte-cos-destournel\\\/\"},\"author\":{\"name\":\"alexandre.impinna\",\"@id\":\"https:\\\/\\\/la-bergere.fr\\\/#\\\/schema\\\/person\\\/f27f3fea6a79cd8f58f092f2ea8601ac\"},\"headline\":\"Prats quitte Cos d&rsquo;Estournel\",\"datePublished\":\"2012-10-15T22:00:00+00:00\",\"mainEntityOfPage\":{\"@id\":\"https:\\\/\\\/la-bergere.fr\\\/prats-quitte-cos-destournel\\\/\"},\"wordCount\":374,\"commentCount\":0,\"image\":{\"@id\":\"https:\\\/\\\/la-bergere.fr\\\/prats-quitte-cos-destournel\\\/#primaryimage\"},\"thumbnailUrl\":\"\",\"articleSection\":[\"Autres\"],\"inLanguage\":\"zh-Hans\",\"potentialAction\":[{\"@type\":\"CommentAction\",\"name\":\"Comment\",\"target\":[\"https:\\\/\\\/la-bergere.fr\\\/prats-quitte-cos-destournel\\\/#respond\"]}]},{\"@type\":\"WebPage\",\"@id\":\"https:\\\/\\\/la-bergere.fr\\\/prats-quitte-cos-destournel\\\/\",\"url\":\"https:\\\/\\\/la-bergere.fr\\\/prats-quitte-cos-destournel\\\/\",\"name\":\"Prats quitte Cos d'Estournel - La Berg\u00e8re\",\"isPartOf\":{\"@id\":\"https:\\\/\\\/la-bergere.fr\\\/#website\"},\"primaryImageOfPage\":{\"@id\":\"https:\\\/\\\/la-bergere.fr\\\/prats-quitte-cos-destournel\\\/#primaryimage\"},\"image\":{\"@id\":\"https:\\\/\\\/la-bergere.fr\\\/prats-quitte-cos-destournel\\\/#primaryimage\"},\"thumbnailUrl\":\"\",\"datePublished\":\"2012-10-15T22:00:00+00:00\",\"author\":{\"@id\":\"https:\\\/\\\/la-bergere.fr\\\/#\\\/schema\\\/person\\\/f27f3fea6a79cd8f58f092f2ea8601ac\"},\"description\":\"La Berg\u00e8re - Grands Vins est un n\u00e9gociant en vin pour les professionnels - Vente et Achat de grands vins et grands crus.\",\"breadcrumb\":{\"@id\":\"https:\\\/\\\/la-bergere.fr\\\/prats-quitte-cos-destournel\\\/#breadcrumb\"},\"inLanguage\":\"zh-Hans\",\"potentialAction\":[{\"@type\":\"ReadAction\",\"target\":[\"https:\\\/\\\/la-bergere.fr\\\/prats-quitte-cos-destournel\\\/\"]}]},{\"@type\":\"ImageObject\",\"inLanguage\":\"zh-Hans\",\"@id\":\"https:\\\/\\\/la-bergere.fr\\\/prats-quitte-cos-destournel\\\/#primaryimage\",\"url\":\"\",\"contentUrl\":\"\"},{\"@type\":\"BreadcrumbList\",\"@id\":\"https:\\\/\\\/la-bergere.fr\\\/prats-quitte-cos-destournel\\\/#breadcrumb\",\"itemListElement\":[{\"@type\":\"ListItem\",\"position\":1,\"name\":\"Accueil\",\"item\":\"https:\\\/\\\/la-bergere.fr\\\/\"},{\"@type\":\"ListItem\",\"position\":2,\"name\":\"Prats quitte Cos d&rsquo;Estournel\"}]},{\"@type\":\"WebSite\",\"@id\":\"https:\\\/\\\/la-bergere.fr\\\/#website\",\"url\":\"https:\\\/\\\/la-bergere.fr\\\/\",\"name\":\"La Berg\u00e8re\",\"description\":\"N\u00e9goce de grands crus et vins fins\",\"potentialAction\":[{\"@type\":\"SearchAction\",\"target\":{\"@type\":\"EntryPoint\",\"urlTemplate\":\"https:\\\/\\\/la-bergere.fr\\\/?s={search_term_string}\"},\"query-input\":{\"@type\":\"PropertyValueSpecification\",\"valueRequired\":true,\"valueName\":\"search_term_string\"}}],\"inLanguage\":\"zh-Hans\"},{\"@type\":\"Person\",\"@id\":\"https:\\\/\\\/la-bergere.fr\\\/#\\\/schema\\\/person\\\/f27f3fea6a79cd8f58f092f2ea8601ac\",\"name\":\"alexandre.impinna\",\"image\":{\"@type\":\"ImageObject\",\"inLanguage\":\"zh-Hans\",\"@id\":\"https:\\\/\\\/secure.gravatar.com\\\/avatar\\\/d3b9399bb826b1ef1cefaac0bdd8b069b06825b10a9156d1b35cbd91317d20f5?s=96&d=mm&r=g\",\"url\":\"https:\\\/\\\/secure.gravatar.com\\\/avatar\\\/d3b9399bb826b1ef1cefaac0bdd8b069b06825b10a9156d1b35cbd91317d20f5?s=96&d=mm&r=g\",\"contentUrl\":\"https:\\\/\\\/secure.gravatar.com\\\/avatar\\\/d3b9399bb826b1ef1cefaac0bdd8b069b06825b10a9156d1b35cbd91317d20f5?s=96&d=mm&r=g\",\"caption\":\"alexandre.impinna\"},\"url\":\"https:\\\/\\\/la-bergere.fr\\\/zh\\\/author\\\/alexandre-impinna\\\/\"}]}<\/script>\n<!-- \/ Yoast SEO plugin. -->","yoast_head_json":{"title":"Prats quitte Cos d'Estournel - La Berg\u00e8re","description":"La Berg\u00e8re - Grands Vins est un n\u00e9gociant en vin pour les professionnels - Vente et Achat de grands vins et grands crus.","robots":{"index":"index","follow":"follow","max-snippet":"max-snippet:-1","max-image-preview":"max-image-preview:large","max-video-preview":"max-video-preview:-1"},"canonical":"https:\/\/la-bergere.fr\/zh\/prats-quitte-cos-destournel\/","og_locale":"zh_CN","og_type":"article","og_title":"Prats quitte Cos d'Estournel - La Berg\u00e8re","og_description":"La Berg\u00e8re - Grands Vins est un n\u00e9gociant en vin pour les professionnels - Vente et Achat de grands vins et grands crus.","og_url":"https:\/\/la-bergere.fr\/zh\/prats-quitte-cos-destournel\/","og_site_name":"La Berg\u00e8re","article_published_time":"2012-10-15T22:00:00+00:00","author":"alexandre.impinna","twitter_misc":{"\u4f5c\u8005":"alexandre.impinna","\u9884\u8ba1\u9605\u8bfb\u65f6\u95f4":"2 \u5206"},"schema":{"@context":"https:\/\/schema.org","@graph":[{"@type":"Article","@id":"https:\/\/la-bergere.fr\/prats-quitte-cos-destournel\/#article","isPartOf":{"@id":"https:\/\/la-bergere.fr\/prats-quitte-cos-destournel\/"},"author":{"name":"alexandre.impinna","@id":"https:\/\/la-bergere.fr\/#\/schema\/person\/f27f3fea6a79cd8f58f092f2ea8601ac"},"headline":"Prats quitte Cos d&rsquo;Estournel","datePublished":"2012-10-15T22:00:00+00:00","mainEntityOfPage":{"@id":"https:\/\/la-bergere.fr\/prats-quitte-cos-destournel\/"},"wordCount":374,"commentCount":0,"image":{"@id":"https:\/\/la-bergere.fr\/prats-quitte-cos-destournel\/#primaryimage"},"thumbnailUrl":"","articleSection":["Autres"],"inLanguage":"zh-Hans","potentialAction":[{"@type":"CommentAction","name":"Comment","target":["https:\/\/la-bergere.fr\/prats-quitte-cos-destournel\/#respond"]}]},{"@type":"WebPage","@id":"https:\/\/la-bergere.fr\/prats-quitte-cos-destournel\/","url":"https:\/\/la-bergere.fr\/prats-quitte-cos-destournel\/","name":"Prats quitte Cos d'Estournel - La Berg\u00e8re","isPartOf":{"@id":"https:\/\/la-bergere.fr\/#website"},"primaryImageOfPage":{"@id":"https:\/\/la-bergere.fr\/prats-quitte-cos-destournel\/#primaryimage"},"image":{"@id":"https:\/\/la-bergere.fr\/prats-quitte-cos-destournel\/#primaryimage"},"thumbnailUrl":"","datePublished":"2012-10-15T22:00:00+00:00","author":{"@id":"https:\/\/la-bergere.fr\/#\/schema\/person\/f27f3fea6a79cd8f58f092f2ea8601ac"},"description":"La Berg\u00e8re - Grands Vins est un n\u00e9gociant en vin pour les professionnels - Vente et Achat de grands vins et grands crus.","breadcrumb":{"@id":"https:\/\/la-bergere.fr\/prats-quitte-cos-destournel\/#breadcrumb"},"inLanguage":"zh-Hans","potentialAction":[{"@type":"ReadAction","target":["https:\/\/la-bergere.fr\/prats-quitte-cos-destournel\/"]}]},{"@type":"ImageObject","inLanguage":"zh-Hans","@id":"https:\/\/la-bergere.fr\/prats-quitte-cos-destournel\/#primaryimage","url":"","contentUrl":""},{"@type":"BreadcrumbList","@id":"https:\/\/la-bergere.fr\/prats-quitte-cos-destournel\/#breadcrumb","itemListElement":[{"@type":"ListItem","position":1,"name":"Accueil","item":"https:\/\/la-bergere.fr\/"},{"@type":"ListItem","position":2,"name":"Prats quitte Cos d&rsquo;Estournel"}]},{"@type":"WebSite","@id":"https:\/\/la-bergere.fr\/#website","url":"https:\/\/la-bergere.fr\/","name":"\u7267\u7f8a\u5973","description":"\u7279\u7ea7\u8461\u8404\u9152\u548c\u4f18\u8d28\u8461\u8404\u9152\u7684\u8d38\u6613","potentialAction":[{"@type":"SearchAction","target":{"@type":"EntryPoint","urlTemplate":"https:\/\/la-bergere.fr\/?s={search_term_string}"},"query-input":{"@type":"PropertyValueSpecification","valueRequired":true,"valueName":"search_term_string"}}],"inLanguage":"zh-Hans"},{"@type":"Person","@id":"https:\/\/la-bergere.fr\/#\/schema\/person\/f27f3fea6a79cd8f58f092f2ea8601ac","name":"alexandre.impinna","image":{"@type":"ImageObject","inLanguage":"zh-Hans","@id":"https:\/\/secure.gravatar.com\/avatar\/d3b9399bb826b1ef1cefaac0bdd8b069b06825b10a9156d1b35cbd91317d20f5?s=96&d=mm&r=g","url":"https:\/\/secure.gravatar.com\/avatar\/d3b9399bb826b1ef1cefaac0bdd8b069b06825b10a9156d1b35cbd91317d20f5?s=96&d=mm&r=g","contentUrl":"https:\/\/secure.gravatar.com\/avatar\/d3b9399bb826b1ef1cefaac0bdd8b069b06825b10a9156d1b35cbd91317d20f5?s=96&d=mm&r=g","caption":"alexandre.impinna"},"url":"https:\/\/la-bergere.fr\/zh\/author\/alexandre-impinna\/"}]}},"_links":{"self":[{"href":"https:\/\/la-bergere.fr\/zh\/wp-json\/wp\/v2\/posts\/216","targetHints":{"allow":["GET"]}}],"collection":[{"href":"https:\/\/la-bergere.fr\/zh\/wp-json\/wp\/v2\/posts"}],"about":[{"href":"https:\/\/la-bergere.fr\/zh\/wp-json\/wp\/v2\/types\/post"}],"author":[{"embeddable":true,"href":"https:\/\/la-bergere.fr\/zh\/wp-json\/wp\/v2\/users\/12"}],"replies":[{"embeddable":true,"href":"https:\/\/la-bergere.fr\/zh\/wp-json\/wp\/v2\/comments?post=216"}],"version-history":[{"count":0,"href":"https:\/\/la-bergere.fr\/zh\/wp-json\/wp\/v2\/posts\/216\/revisions"}],"wp:featuredmedia":[{"embeddable":true,"href":"https:\/\/la-bergere.fr\/zh\/wp-json\/"}],"wp:attachment":[{"href":"https:\/\/la-bergere.fr\/zh\/wp-json\/wp\/v2\/media?parent=216"}],"wp:term":[{"taxonomy":"category","embeddable":true,"href":"https:\/\/la-bergere.fr\/zh\/wp-json\/wp\/v2\/categories?post=216"},{"taxonomy":"post_tag","embeddable":true,"href":"https:\/\/la-bergere.fr\/zh\/wp-json\/wp\/v2\/tags?post=216"}],"curies":[{"name":"wp","href":"https:\/\/api.w.org\/{rel}","templated":true}]}}