{"id":1016,"date":"2014-02-13T10:30:55","date_gmt":"2014-02-13T09:30:55","guid":{"rendered":"http:\/\/dev.bikloz.net\/lbv\/en\/non-classe\/calon-segur-entreprend-des-renovations-a-20-millions-deuros\/"},"modified":"2014-09-10T09:33:11","modified_gmt":"2014-09-10T08:33:11","slug":"calon-segur-entreprend-des-renovations-a-20-millions-deuros","status":"publish","type":"post","link":"https:\/\/la-bergere.fr\/zh\/calon-segur-entreprend-des-renovations-a-20-millions-deuros\/","title":{"rendered":"Calon-S\u00e9gur entreprend des r\u00e9novations \u00e0 20 millions d&rsquo;euros"},"content":{"rendered":"<p>Le Ch\u00e2teau Calon-S\u00e9gur investit 20 millions d&rsquo;euros pour r\u00e9nover son chai et accueillir le public.<\/p>\n<p><!--more--><\/p>\n<p><img decoding=\"async\" style=\"float: left;\" src=\"http:\/\/liv-ex.typepad.com\/.a\/6a00e55150c0be883401348087b316970c-pi\" alt=\"\u51ef\u9686\u4e16\u5bb6\" width=\"300\" \/>Connu pour sa discr\u00e9tion, le Troisi\u00e8me Grand Cru de Saint-Est\u00e8phe (photo) utilisera une partie de cet investissement pour la cr\u00e9ation d&rsquo;une nouvelle salle de d\u00e9gustation, a expliqu\u00e9 \u00e0 decanter.com Laurent Dufau, directeur g\u00e9n\u00e9ral du domaine. Elle devrait \u00eatre termin\u00e9e pour la campagne des primeurs bordelais \u00e0 venir.<\/p>\n<p>\u00ab Nous aimerions davantage ouvrir le ch\u00e2teau au public \u00bb, a-t-il d\u00e9clar\u00e9. Des r\u00e9novations jusqu&rsquo;en 2017 rendront le ch\u00e2teau et le parc accessibles aux visiteurs.<\/p>\n<p>Dufau a ajout\u00e9 que ce mois-ci, il \u00e9tait devenu le premier repr\u00e9sentant fran\u00e7ais du domaine depuis 120 ans \u00e0 organiser une d\u00e9gustation commerciale aux \u00c9tats-Unis.<\/p>\n<p>\u00ab Le nouveau propri\u00e9taire aimerait investir davantage dans ce type d&rsquo;\u00e9v\u00e9nements \u00bb, a-t-il d\u00e9clar\u00e9 suite \u00e0 la d\u00e9gustation verticale de 16 mill\u00e9simes \u00e0 Washington DC.<\/p>\n<p>Calon-S\u00e9gur et son domaine parent Capbern Gasqueton ont \u00e9t\u00e9 acquis par la compagnie d&rsquo;assurance fran\u00e7aise Suravenir Assurances en 2012 pour 170 millions d&rsquo;euros. Jean-Fran\u00e7ois Moueix est partie prenante minoritaire par l&rsquo;interm\u00e9diaire de son entreprise de vin Videlot.<\/p>\n<p>Le nouveau chai de Calon-S\u00e9gur devrait ouvrir en 2016, avec des cuves dont la taille correspondra \u00ab exactement \u00bb \u00e0 des parcelles de vignoble sp\u00e9cifiques, selon Dufau. Il sera aussi possible d&rsquo;y appliquer la technique du remplissage des cuves par gravit\u00e9.<\/p>\n<p>L&rsquo;investissement de 20 millions d&rsquo;euros servira \u00e9galement \u00e0 augmenter la densit\u00e9 du vignoble de 25 % pour atteindre 10 000 pieds de vigne par hectare d&rsquo;ici 2028, a ajout\u00e9 Dufau.<\/p>\n<p>Source : Panos Kakaviatos<br \/>\n<a href=\"http:\/\/www.decanter.com\/news\/wine-news\/584772\/calon-segur-invests-eur20m-on-renovation\" target=\"_blank\">\u503e\u6790\u5668\u7f51<\/a><br \/>\n30 janvier 2014<\/p>","protected":false},"excerpt":{"rendered":"<p>Le Ch\u00e2teau Calon-S\u00e9gur investit 20 millions d&rsquo;euros pour r\u00e9nover son chai et accueillir le public.<\/p>","protected":false},"author":12,"featured_media":1499,"comment_status":"open","ping_status":"open","sticky":false,"template":"","format":"standard","meta":{"footnotes":""},"categories":[1],"tags":[],"class_list":["post-1016","post","type-post","status-publish","format-standard","has-post-thumbnail","hentry","category-autres"],"yoast_head":"<!-- This site is optimized with the Yoast SEO plugin v27.5 - https:\/\/yoast.com\/product\/yoast-seo-wordpress\/ -->\n<title>Calon-S\u00e9gur entreprend des r\u00e9novations \u00e0 20 millions d&#039;euros - La Berg\u00e8re<\/title>\n<meta name=\"description\" content=\"investir dans le vin, investir vin, investissement vin, investissement dans le vin, patrimoine vin, courtier vin, prix grands vins, prix des vins, vin grand cru, prix des vins de bordeaux, argus des vins, placement vin\" \/>\n<meta name=\"robots\" content=\"index, follow, max-snippet:-1, max-image-preview:large, max-video-preview:-1\" \/>\n<link rel=\"canonical\" href=\"https:\/\/la-bergere.fr\/zh\/calon-segur-entreprend-des-renovations-a-20-millions-deuros\/\" \/>\n<meta property=\"og:locale\" content=\"zh_CN\" \/>\n<meta property=\"og:type\" content=\"article\" \/>\n<meta property=\"og:title\" content=\"Calon-S\u00e9gur entreprend des r\u00e9novations \u00e0 20 millions d&#039;euros - La Berg\u00e8re\" \/>\n<meta property=\"og:description\" content=\"investir dans le vin, investir vin, investissement vin, investissement dans le vin, patrimoine vin, courtier vin, prix grands vins, prix des vins, vin grand cru, prix des vins de bordeaux, argus des vins, placement vin\" \/>\n<meta property=\"og:url\" content=\"https:\/\/la-bergere.fr\/zh\/calon-segur-entreprend-des-renovations-a-20-millions-deuros\/\" \/>\n<meta property=\"og:site_name\" content=\"La Berg\u00e8re\" \/>\n<meta property=\"article:published_time\" content=\"2014-02-13T09:30:55+00:00\" \/>\n<meta property=\"article:modified_time\" content=\"2014-09-10T08:33:11+00:00\" \/>\n<meta property=\"og:image\" content=\"https:\/\/la-bergere.fr\/wp-content\/uploads\/2014\/07\/bkz-129.jpg\" \/>\n\t<meta property=\"og:image:width\" content=\"851\" \/>\n\t<meta property=\"og:image:height\" content=\"567\" \/>\n\t<meta property=\"og:image:type\" content=\"image\/jpeg\" \/>\n<meta name=\"author\" content=\"alexandre.impinna\" \/>\n<meta name=\"twitter:label1\" content=\"\u4f5c\u8005\" \/>\n\t<meta name=\"twitter:data1\" content=\"alexandre.impinna\" \/>\n\t<meta name=\"twitter:label2\" content=\"\u9884\u8ba1\u9605\u8bfb\u65f6\u95f4\" \/>\n\t<meta name=\"twitter:data2\" content=\"1 \u5206\" \/>\n<script type=\"application\/ld+json\" class=\"yoast-schema-graph\">{\"@context\":\"https:\\\/\\\/schema.org\",\"@graph\":[{\"@type\":\"Article\",\"@id\":\"https:\\\/\\\/la-bergere.fr\\\/calon-segur-entreprend-des-renovations-a-20-millions-deuros\\\/#article\",\"isPartOf\":{\"@id\":\"https:\\\/\\\/la-bergere.fr\\\/calon-segur-entreprend-des-renovations-a-20-millions-deuros\\\/\"},\"author\":{\"name\":\"alexandre.impinna\",\"@id\":\"https:\\\/\\\/la-bergere.fr\\\/#\\\/schema\\\/person\\\/f27f3fea6a79cd8f58f092f2ea8601ac\"},\"headline\":\"Calon-S\u00e9gur entreprend des r\u00e9novations \u00e0 20 millions d&rsquo;euros\",\"datePublished\":\"2014-02-13T09:30:55+00:00\",\"dateModified\":\"2014-09-10T08:33:11+00:00\",\"mainEntityOfPage\":{\"@id\":\"https:\\\/\\\/la-bergere.fr\\\/calon-segur-entreprend-des-renovations-a-20-millions-deuros\\\/\"},\"wordCount\":275,\"commentCount\":0,\"image\":{\"@id\":\"https:\\\/\\\/la-bergere.fr\\\/calon-segur-entreprend-des-renovations-a-20-millions-deuros\\\/#primaryimage\"},\"thumbnailUrl\":\"https:\\\/\\\/la-bergere.fr\\\/wp-content\\\/uploads\\\/2014\\\/07\\\/bkz-129.jpg\",\"articleSection\":[\"Autres\"],\"inLanguage\":\"zh-Hans\",\"potentialAction\":[{\"@type\":\"CommentAction\",\"name\":\"Comment\",\"target\":[\"https:\\\/\\\/la-bergere.fr\\\/calon-segur-entreprend-des-renovations-a-20-millions-deuros\\\/#respond\"]}]},{\"@type\":\"WebPage\",\"@id\":\"https:\\\/\\\/la-bergere.fr\\\/calon-segur-entreprend-des-renovations-a-20-millions-deuros\\\/\",\"url\":\"https:\\\/\\\/la-bergere.fr\\\/calon-segur-entreprend-des-renovations-a-20-millions-deuros\\\/\",\"name\":\"Calon-S\u00e9gur entreprend des r\u00e9novations \u00e0 20 millions d'euros - La Berg\u00e8re\",\"isPartOf\":{\"@id\":\"https:\\\/\\\/la-bergere.fr\\\/#website\"},\"primaryImageOfPage\":{\"@id\":\"https:\\\/\\\/la-bergere.fr\\\/calon-segur-entreprend-des-renovations-a-20-millions-deuros\\\/#primaryimage\"},\"image\":{\"@id\":\"https:\\\/\\\/la-bergere.fr\\\/calon-segur-entreprend-des-renovations-a-20-millions-deuros\\\/#primaryimage\"},\"thumbnailUrl\":\"https:\\\/\\\/la-bergere.fr\\\/wp-content\\\/uploads\\\/2014\\\/07\\\/bkz-129.jpg\",\"datePublished\":\"2014-02-13T09:30:55+00:00\",\"dateModified\":\"2014-09-10T08:33:11+00:00\",\"author\":{\"@id\":\"https:\\\/\\\/la-bergere.fr\\\/#\\\/schema\\\/person\\\/f27f3fea6a79cd8f58f092f2ea8601ac\"},\"description\":\"investir dans le vin, investir vin, investissement vin, investissement dans le vin, patrimoine vin, courtier vin, prix grands vins, prix des vins, vin grand cru, prix des vins de bordeaux, argus des vins, placement vin\",\"breadcrumb\":{\"@id\":\"https:\\\/\\\/la-bergere.fr\\\/calon-segur-entreprend-des-renovations-a-20-millions-deuros\\\/#breadcrumb\"},\"inLanguage\":\"zh-Hans\",\"potentialAction\":[{\"@type\":\"ReadAction\",\"target\":[\"https:\\\/\\\/la-bergere.fr\\\/calon-segur-entreprend-des-renovations-a-20-millions-deuros\\\/\"]}]},{\"@type\":\"ImageObject\",\"inLanguage\":\"zh-Hans\",\"@id\":\"https:\\\/\\\/la-bergere.fr\\\/calon-segur-entreprend-des-renovations-a-20-millions-deuros\\\/#primaryimage\",\"url\":\"https:\\\/\\\/la-bergere.fr\\\/wp-content\\\/uploads\\\/2014\\\/07\\\/bkz-129.jpg\",\"contentUrl\":\"https:\\\/\\\/la-bergere.fr\\\/wp-content\\\/uploads\\\/2014\\\/07\\\/bkz-129.jpg\",\"width\":851,\"height\":567},{\"@type\":\"BreadcrumbList\",\"@id\":\"https:\\\/\\\/la-bergere.fr\\\/calon-segur-entreprend-des-renovations-a-20-millions-deuros\\\/#breadcrumb\",\"itemListElement\":[{\"@type\":\"ListItem\",\"position\":1,\"name\":\"Accueil\",\"item\":\"https:\\\/\\\/la-bergere.fr\\\/\"},{\"@type\":\"ListItem\",\"position\":2,\"name\":\"Calon-S\u00e9gur entreprend des r\u00e9novations \u00e0 20 millions d&rsquo;euros\"}]},{\"@type\":\"WebSite\",\"@id\":\"https:\\\/\\\/la-bergere.fr\\\/#website\",\"url\":\"https:\\\/\\\/la-bergere.fr\\\/\",\"name\":\"La Berg\u00e8re\",\"description\":\"N\u00e9goce de grands crus et vins fins\",\"potentialAction\":[{\"@type\":\"SearchAction\",\"target\":{\"@type\":\"EntryPoint\",\"urlTemplate\":\"https:\\\/\\\/la-bergere.fr\\\/?s={search_term_string}\"},\"query-input\":{\"@type\":\"PropertyValueSpecification\",\"valueRequired\":true,\"valueName\":\"search_term_string\"}}],\"inLanguage\":\"zh-Hans\"},{\"@type\":\"Person\",\"@id\":\"https:\\\/\\\/la-bergere.fr\\\/#\\\/schema\\\/person\\\/f27f3fea6a79cd8f58f092f2ea8601ac\",\"name\":\"alexandre.impinna\",\"image\":{\"@type\":\"ImageObject\",\"inLanguage\":\"zh-Hans\",\"@id\":\"https:\\\/\\\/secure.gravatar.com\\\/avatar\\\/d3b9399bb826b1ef1cefaac0bdd8b069b06825b10a9156d1b35cbd91317d20f5?s=96&d=mm&r=g\",\"url\":\"https:\\\/\\\/secure.gravatar.com\\\/avatar\\\/d3b9399bb826b1ef1cefaac0bdd8b069b06825b10a9156d1b35cbd91317d20f5?s=96&d=mm&r=g\",\"contentUrl\":\"https:\\\/\\\/secure.gravatar.com\\\/avatar\\\/d3b9399bb826b1ef1cefaac0bdd8b069b06825b10a9156d1b35cbd91317d20f5?s=96&d=mm&r=g\",\"caption\":\"alexandre.impinna\"},\"url\":\"https:\\\/\\\/la-bergere.fr\\\/zh\\\/author\\\/alexandre-impinna\\\/\"}]}<\/script>\n<!-- \/ Yoast SEO plugin. -->","yoast_head_json":{"title":"Calon-S\u00e9gur entreprend des r\u00e9novations \u00e0 20 millions d'euros - La Berg\u00e8re","description":"investir dans le vin, investir vin, investissement vin, investissement dans le vin, patrimoine vin, courtier vin, prix grands vins, prix des vins, vin grand cru, prix des vins de bordeaux, argus des vins, placement vin","robots":{"index":"index","follow":"follow","max-snippet":"max-snippet:-1","max-image-preview":"max-image-preview:large","max-video-preview":"max-video-preview:-1"},"canonical":"https:\/\/la-bergere.fr\/zh\/calon-segur-entreprend-des-renovations-a-20-millions-deuros\/","og_locale":"zh_CN","og_type":"article","og_title":"Calon-S\u00e9gur entreprend des r\u00e9novations \u00e0 20 millions d'euros - La Berg\u00e8re","og_description":"investir dans le vin, investir vin, investissement vin, investissement dans le vin, patrimoine vin, courtier vin, prix grands vins, prix des vins, vin grand cru, prix des vins de bordeaux, argus des vins, placement vin","og_url":"https:\/\/la-bergere.fr\/zh\/calon-segur-entreprend-des-renovations-a-20-millions-deuros\/","og_site_name":"La Berg\u00e8re","article_published_time":"2014-02-13T09:30:55+00:00","article_modified_time":"2014-09-10T08:33:11+00:00","og_image":[{"width":851,"height":567,"url":"https:\/\/la-bergere.fr\/wp-content\/uploads\/2014\/07\/bkz-129.jpg","type":"image\/jpeg"}],"author":"alexandre.impinna","twitter_misc":{"\u4f5c\u8005":"alexandre.impinna","\u9884\u8ba1\u9605\u8bfb\u65f6\u95f4":"1 \u5206"},"schema":{"@context":"https:\/\/schema.org","@graph":[{"@type":"Article","@id":"https:\/\/la-bergere.fr\/calon-segur-entreprend-des-renovations-a-20-millions-deuros\/#article","isPartOf":{"@id":"https:\/\/la-bergere.fr\/calon-segur-entreprend-des-renovations-a-20-millions-deuros\/"},"author":{"name":"alexandre.impinna","@id":"https:\/\/la-bergere.fr\/#\/schema\/person\/f27f3fea6a79cd8f58f092f2ea8601ac"},"headline":"Calon-S\u00e9gur entreprend des r\u00e9novations \u00e0 20 millions d&rsquo;euros","datePublished":"2014-02-13T09:30:55+00:00","dateModified":"2014-09-10T08:33:11+00:00","mainEntityOfPage":{"@id":"https:\/\/la-bergere.fr\/calon-segur-entreprend-des-renovations-a-20-millions-deuros\/"},"wordCount":275,"commentCount":0,"image":{"@id":"https:\/\/la-bergere.fr\/calon-segur-entreprend-des-renovations-a-20-millions-deuros\/#primaryimage"},"thumbnailUrl":"https:\/\/la-bergere.fr\/wp-content\/uploads\/2014\/07\/bkz-129.jpg","articleSection":["Autres"],"inLanguage":"zh-Hans","potentialAction":[{"@type":"CommentAction","name":"Comment","target":["https:\/\/la-bergere.fr\/calon-segur-entreprend-des-renovations-a-20-millions-deuros\/#respond"]}]},{"@type":"WebPage","@id":"https:\/\/la-bergere.fr\/calon-segur-entreprend-des-renovations-a-20-millions-deuros\/","url":"https:\/\/la-bergere.fr\/calon-segur-entreprend-des-renovations-a-20-millions-deuros\/","name":"Calon-S\u00e9gur entreprend des r\u00e9novations \u00e0 20 millions d'euros - La Berg\u00e8re","isPartOf":{"@id":"https:\/\/la-bergere.fr\/#website"},"primaryImageOfPage":{"@id":"https:\/\/la-bergere.fr\/calon-segur-entreprend-des-renovations-a-20-millions-deuros\/#primaryimage"},"image":{"@id":"https:\/\/la-bergere.fr\/calon-segur-entreprend-des-renovations-a-20-millions-deuros\/#primaryimage"},"thumbnailUrl":"https:\/\/la-bergere.fr\/wp-content\/uploads\/2014\/07\/bkz-129.jpg","datePublished":"2014-02-13T09:30:55+00:00","dateModified":"2014-09-10T08:33:11+00:00","author":{"@id":"https:\/\/la-bergere.fr\/#\/schema\/person\/f27f3fea6a79cd8f58f092f2ea8601ac"},"description":"investir dans le vin, investir vin, investissement vin, investissement dans le vin, patrimoine vin, courtier vin, prix grands vins, prix des vins, vin grand cru, prix des vins de bordeaux, argus des vins, placement vin","breadcrumb":{"@id":"https:\/\/la-bergere.fr\/calon-segur-entreprend-des-renovations-a-20-millions-deuros\/#breadcrumb"},"inLanguage":"zh-Hans","potentialAction":[{"@type":"ReadAction","target":["https:\/\/la-bergere.fr\/calon-segur-entreprend-des-renovations-a-20-millions-deuros\/"]}]},{"@type":"ImageObject","inLanguage":"zh-Hans","@id":"https:\/\/la-bergere.fr\/calon-segur-entreprend-des-renovations-a-20-millions-deuros\/#primaryimage","url":"https:\/\/la-bergere.fr\/wp-content\/uploads\/2014\/07\/bkz-129.jpg","contentUrl":"https:\/\/la-bergere.fr\/wp-content\/uploads\/2014\/07\/bkz-129.jpg","width":851,"height":567},{"@type":"BreadcrumbList","@id":"https:\/\/la-bergere.fr\/calon-segur-entreprend-des-renovations-a-20-millions-deuros\/#breadcrumb","itemListElement":[{"@type":"ListItem","position":1,"name":"Accueil","item":"https:\/\/la-bergere.fr\/"},{"@type":"ListItem","position":2,"name":"Calon-S\u00e9gur entreprend des r\u00e9novations \u00e0 20 millions d&rsquo;euros"}]},{"@type":"WebSite","@id":"https:\/\/la-bergere.fr\/#website","url":"https:\/\/la-bergere.fr\/","name":"\u7267\u7f8a\u5973","description":"\u7279\u7ea7\u8461\u8404\u9152\u548c\u4f18\u8d28\u8461\u8404\u9152\u7684\u8d38\u6613","potentialAction":[{"@type":"SearchAction","target":{"@type":"EntryPoint","urlTemplate":"https:\/\/la-bergere.fr\/?s={search_term_string}"},"query-input":{"@type":"PropertyValueSpecification","valueRequired":true,"valueName":"search_term_string"}}],"inLanguage":"zh-Hans"},{"@type":"Person","@id":"https:\/\/la-bergere.fr\/#\/schema\/person\/f27f3fea6a79cd8f58f092f2ea8601ac","name":"alexandre.impinna","image":{"@type":"ImageObject","inLanguage":"zh-Hans","@id":"https:\/\/secure.gravatar.com\/avatar\/d3b9399bb826b1ef1cefaac0bdd8b069b06825b10a9156d1b35cbd91317d20f5?s=96&d=mm&r=g","url":"https:\/\/secure.gravatar.com\/avatar\/d3b9399bb826b1ef1cefaac0bdd8b069b06825b10a9156d1b35cbd91317d20f5?s=96&d=mm&r=g","contentUrl":"https:\/\/secure.gravatar.com\/avatar\/d3b9399bb826b1ef1cefaac0bdd8b069b06825b10a9156d1b35cbd91317d20f5?s=96&d=mm&r=g","caption":"alexandre.impinna"},"url":"https:\/\/la-bergere.fr\/zh\/author\/alexandre-impinna\/"}]}},"_links":{"self":[{"href":"https:\/\/la-bergere.fr\/zh\/wp-json\/wp\/v2\/posts\/1016","targetHints":{"allow":["GET"]}}],"collection":[{"href":"https:\/\/la-bergere.fr\/zh\/wp-json\/wp\/v2\/posts"}],"about":[{"href":"https:\/\/la-bergere.fr\/zh\/wp-json\/wp\/v2\/types\/post"}],"author":[{"embeddable":true,"href":"https:\/\/la-bergere.fr\/zh\/wp-json\/wp\/v2\/users\/12"}],"replies":[{"embeddable":true,"href":"https:\/\/la-bergere.fr\/zh\/wp-json\/wp\/v2\/comments?post=1016"}],"version-history":[{"count":0,"href":"https:\/\/la-bergere.fr\/zh\/wp-json\/wp\/v2\/posts\/1016\/revisions"}],"wp:featuredmedia":[{"embeddable":true,"href":"https:\/\/la-bergere.fr\/zh\/wp-json\/wp\/v2\/media\/1499"}],"wp:attachment":[{"href":"https:\/\/la-bergere.fr\/zh\/wp-json\/wp\/v2\/media?parent=1016"}],"wp:term":[{"taxonomy":"category","embeddable":true,"href":"https:\/\/la-bergere.fr\/zh\/wp-json\/wp\/v2\/categories?post=1016"},{"taxonomy":"post_tag","embeddable":true,"href":"https:\/\/la-bergere.fr\/zh\/wp-json\/wp\/v2\/tags?post=1016"}],"curies":[{"name":"wp","href":"https:\/\/api.w.org\/{rel}","templated":true}]}}