{"id":87,"date":"2011-07-09T23:00:00","date_gmt":"2011-07-09T22:00:00","guid":{"rendered":"http:\/\/dev.bikloz.net\/lbv\/en\/non-classe\/chateau-lascombes-sold-2\/"},"modified":"2011-07-09T23:00:00","modified_gmt":"2011-07-09T22:00:00","slug":"chateau-lascombes-sold-2","status":"publish","type":"post","link":"https:\/\/la-bergere.fr\/en\/chateau-lascombes-sold-2\/","title":{"rendered":"Ch\u00e2teau Lascombes sold for 200 million euros"},"content":{"rendered":"<p>The French insurance group MACSF, which specializes in healthcare professionals, bought Ch\u00e2teau Lascombes for 200 million euros.  <!--more-->  <\/p>\n<p style=\"text-align: left\"><img loading=\"lazy\" decoding=\"async\" class=\"size-full wp-image-85\" style=\"vertical-align: middle\" alt=\"chateau-lascombes-sold\" src=\"http:\/\/dev.bikloz.net\/lbv\/en\/wp-content\/uploads\/sites\/2\/2011\/07\/chateau-lascombes-sold-for-200m.jpg\" width=\"428\" height=\"644\" \/><\/p>\n<p>The sale price of the 117-hectare Margaux Second Grand Cru, which since 2001 has belonged to the American investment group Colony Capital, includes the chateau buildings, all land and equipment and around \u20ac50,000 in shares.<\/p>\n<p>The deal closed over the weekend, ending months of speculation and a final bidding round where four potential buyers went head-to-head. The current team of winegrowers and winegrowers led by Dominique Befve will remain in place.<\/p>\n<p>MACSF carried out a careful study of the viability of the purchase and the future potential of the estate, with the help of various advisers: the specialists in merger-acquisition Wine Bankers, the Bordeaux consultants Sogevignes, the Bordeaux section of Ernst &amp; Young as well as the law firm Fidal.<\/p>\n<p>\u201cWhat convinced Colony Capital in part was the financial solidity of MACSF and the prospect of a transaction carried out without resorting to additional financing,\u201d explained Jean-Luc Coup\u00e9 of Wine Bankers to Decanter.com.<\/p>\n<p>The amount of the transaction corresponds to only 1 % of MACSF&#039;s assets, and the company has an annual turnover of 2.12 billion euros. This may be the first estate purchased by the company but it is fully aware of the implications and the potential of Ch\u00e2teau Lascombes to become, with time and work, what is called a &quot;super Second&quot;. .<\/p>\n<p>Marcel Kahn, Managing Director of MACSF, said: \u201cWe greatly respect all the work and investment that Lascombes has benefited from and which has allowed it to regain the rank of Second Grand Cru. Colony Capital is estimated to have invested around 35 million euros in Ch\u00e2teau Lascombes, following its purchase for 50 million euros.<\/p>\n<p>\u201cWe are an entirely French company and we are happy to have invested in a piece of French heritage. For us, this is a long-term investment; we want to ensure continuity and future growth. \u00bb<\/p>\n<p>Ch\u00e2teau Lascombes is the highest-producing Margaux appellation estate, with more than 500,000 bottles a year, of which 40 %s are sold in the United States, 30 %s in Asia and 30 %s in Europe.<\/p>\n<p>The price of the 2010 vintage of Ch\u00e2teau Lascombes, announced at the beginning of June, amounts to \u20ac72 per bottle (trade price), an increase of 20 % compared to 2009.<\/p>\n<p>Steven Spurrier of Decanter gave the 2010 vintage four stars (17.5\/20). He praised its \u201cvery well-extracted ripe fruit, which speaks to its maturity and structure and hints at the development over time of subtle tannins. \u00bb<\/p>\n<p>Source: <a target=\"_blank\" href=\"http:\/\/www.decanter.com\/bordeaux-2010\/en-primeur-coverage\/528998\/chateau-lascombes-sold-for-200m\">Decanter.com<\/a><br \/>Jane Anson<br \/>July 10, 2011<\/p>","protected":false},"excerpt":{"rendered":"<p>Le groupe d&rsquo;assurance fran\u00e7ais MACSF, sp\u00e9cialiste des professionnels de la sant\u00e9, a achet\u00e9 le Ch\u00e2teau Lascombes pour 200 millions d&rsquo;euros.<\/p>","protected":false},"author":12,"featured_media":85,"comment_status":"open","ping_status":"open","sticky":false,"template":"","format":"standard","meta":{"footnotes":""},"categories":[1],"tags":[],"class_list":["post-87","post","type-post","status-publish","format-standard","has-post-thumbnail","hentry","category-autres"],"yoast_head":"<!-- This site is optimized with the Yoast SEO plugin v27.5 - https:\/\/yoast.com\/product\/yoast-seo-wordpress\/ -->\n<title>Le Ch\u00e2teau Lascombes vendu pour 200 millions d&#039;euros - La Berg\u00e8re<\/title>\n<meta name=\"description\" content=\"La Berg\u00e8re - Grands Vins est un n\u00e9gociant en vin pour les professionnels - Vente et Achat de grands vins et grands crus.\" \/>\n<meta name=\"robots\" content=\"index, follow, max-snippet:-1, max-image-preview:large, max-video-preview:-1\" \/>\n<link rel=\"canonical\" href=\"https:\/\/la-bergere.fr\/en\/chateau-lascombes-sold-2\/\" \/>\n<meta property=\"og:locale\" content=\"en_US\" \/>\n<meta property=\"og:type\" content=\"article\" \/>\n<meta property=\"og:title\" content=\"Le Ch\u00e2teau Lascombes vendu pour 200 millions d&#039;euros - La Berg\u00e8re\" \/>\n<meta property=\"og:description\" content=\"La Berg\u00e8re - Grands Vins est un n\u00e9gociant en vin pour les professionnels - Vente et Achat de grands vins et grands crus.\" \/>\n<meta property=\"og:url\" content=\"https:\/\/la-bergere.fr\/en\/chateau-lascombes-sold-2\/\" \/>\n<meta property=\"og:site_name\" content=\"La Berg\u00e8re\" \/>\n<meta property=\"article:published_time\" content=\"2011-07-09T22:00:00+00:00\" \/>\n<meta name=\"author\" content=\"alexandre.impinna\" \/>\n<meta name=\"twitter:label1\" content=\"Written by\" \/>\n\t<meta name=\"twitter:data1\" content=\"alexandre.impinna\" \/>\n\t<meta name=\"twitter:label2\" content=\"Est. reading time\" \/>\n\t<meta name=\"twitter:data2\" content=\"2 minutes\" \/>\n<script type=\"application\/ld+json\" class=\"yoast-schema-graph\">{\"@context\":\"https:\\\/\\\/schema.org\",\"@graph\":[{\"@type\":\"Article\",\"@id\":\"https:\\\/\\\/la-bergere.fr\\\/chateau-lascombes-sold-2\\\/#article\",\"isPartOf\":{\"@id\":\"https:\\\/\\\/la-bergere.fr\\\/chateau-lascombes-sold-2\\\/\"},\"author\":{\"name\":\"alexandre.impinna\",\"@id\":\"https:\\\/\\\/la-bergere.fr\\\/#\\\/schema\\\/person\\\/f27f3fea6a79cd8f58f092f2ea8601ac\"},\"headline\":\"Le Ch\u00e2teau Lascombes vendu pour 200 millions d&rsquo;euros\",\"datePublished\":\"2011-07-09T22:00:00+00:00\",\"mainEntityOfPage\":{\"@id\":\"https:\\\/\\\/la-bergere.fr\\\/chateau-lascombes-sold-2\\\/\"},\"wordCount\":491,\"commentCount\":0,\"image\":{\"@id\":\"https:\\\/\\\/la-bergere.fr\\\/chateau-lascombes-sold-2\\\/#primaryimage\"},\"thumbnailUrl\":\"\",\"articleSection\":[\"Autres\"],\"inLanguage\":\"en-US\",\"potentialAction\":[{\"@type\":\"CommentAction\",\"name\":\"Comment\",\"target\":[\"https:\\\/\\\/la-bergere.fr\\\/chateau-lascombes-sold-2\\\/#respond\"]}]},{\"@type\":\"WebPage\",\"@id\":\"https:\\\/\\\/la-bergere.fr\\\/chateau-lascombes-sold-2\\\/\",\"url\":\"https:\\\/\\\/la-bergere.fr\\\/chateau-lascombes-sold-2\\\/\",\"name\":\"Le Ch\u00e2teau Lascombes vendu pour 200 millions d'euros - La Berg\u00e8re\",\"isPartOf\":{\"@id\":\"https:\\\/\\\/la-bergere.fr\\\/#website\"},\"primaryImageOfPage\":{\"@id\":\"https:\\\/\\\/la-bergere.fr\\\/chateau-lascombes-sold-2\\\/#primaryimage\"},\"image\":{\"@id\":\"https:\\\/\\\/la-bergere.fr\\\/chateau-lascombes-sold-2\\\/#primaryimage\"},\"thumbnailUrl\":\"\",\"datePublished\":\"2011-07-09T22:00:00+00:00\",\"author\":{\"@id\":\"https:\\\/\\\/la-bergere.fr\\\/#\\\/schema\\\/person\\\/f27f3fea6a79cd8f58f092f2ea8601ac\"},\"description\":\"La Berg\u00e8re - Grands Vins est un n\u00e9gociant en vin pour les professionnels - Vente et Achat de grands vins et grands crus.\",\"breadcrumb\":{\"@id\":\"https:\\\/\\\/la-bergere.fr\\\/chateau-lascombes-sold-2\\\/#breadcrumb\"},\"inLanguage\":\"en-US\",\"potentialAction\":[{\"@type\":\"ReadAction\",\"target\":[\"https:\\\/\\\/la-bergere.fr\\\/chateau-lascombes-sold-2\\\/\"]}]},{\"@type\":\"ImageObject\",\"inLanguage\":\"en-US\",\"@id\":\"https:\\\/\\\/la-bergere.fr\\\/chateau-lascombes-sold-2\\\/#primaryimage\",\"url\":\"\",\"contentUrl\":\"\"},{\"@type\":\"BreadcrumbList\",\"@id\":\"https:\\\/\\\/la-bergere.fr\\\/chateau-lascombes-sold-2\\\/#breadcrumb\",\"itemListElement\":[{\"@type\":\"ListItem\",\"position\":1,\"name\":\"Accueil\",\"item\":\"https:\\\/\\\/la-bergere.fr\\\/\"},{\"@type\":\"ListItem\",\"position\":2,\"name\":\"Le Ch\u00e2teau Lascombes vendu pour 200 millions d&rsquo;euros\"}]},{\"@type\":\"WebSite\",\"@id\":\"https:\\\/\\\/la-bergere.fr\\\/#website\",\"url\":\"https:\\\/\\\/la-bergere.fr\\\/\",\"name\":\"La Berg\u00e8re\",\"description\":\"N\u00e9goce de grands crus et vins fins\",\"potentialAction\":[{\"@type\":\"SearchAction\",\"target\":{\"@type\":\"EntryPoint\",\"urlTemplate\":\"https:\\\/\\\/la-bergere.fr\\\/?s={search_term_string}\"},\"query-input\":{\"@type\":\"PropertyValueSpecification\",\"valueRequired\":true,\"valueName\":\"search_term_string\"}}],\"inLanguage\":\"en-US\"},{\"@type\":\"Person\",\"@id\":\"https:\\\/\\\/la-bergere.fr\\\/#\\\/schema\\\/person\\\/f27f3fea6a79cd8f58f092f2ea8601ac\",\"name\":\"alexandre.impinna\",\"image\":{\"@type\":\"ImageObject\",\"inLanguage\":\"en-US\",\"@id\":\"https:\\\/\\\/secure.gravatar.com\\\/avatar\\\/d3b9399bb826b1ef1cefaac0bdd8b069b06825b10a9156d1b35cbd91317d20f5?s=96&d=mm&r=g\",\"url\":\"https:\\\/\\\/secure.gravatar.com\\\/avatar\\\/d3b9399bb826b1ef1cefaac0bdd8b069b06825b10a9156d1b35cbd91317d20f5?s=96&d=mm&r=g\",\"contentUrl\":\"https:\\\/\\\/secure.gravatar.com\\\/avatar\\\/d3b9399bb826b1ef1cefaac0bdd8b069b06825b10a9156d1b35cbd91317d20f5?s=96&d=mm&r=g\",\"caption\":\"alexandre.impinna\"},\"url\":\"https:\\\/\\\/la-bergere.fr\\\/en\\\/author\\\/alexandre-impinna\\\/\"}]}<\/script>\n<!-- \/ Yoast SEO plugin. -->","yoast_head_json":{"title":"Le Ch\u00e2teau Lascombes vendu pour 200 millions d'euros - La Berg\u00e8re","description":"La Berg\u00e8re - Grands Vins est un n\u00e9gociant en vin pour les professionnels - Vente et Achat de grands vins et grands crus.","robots":{"index":"index","follow":"follow","max-snippet":"max-snippet:-1","max-image-preview":"max-image-preview:large","max-video-preview":"max-video-preview:-1"},"canonical":"https:\/\/la-bergere.fr\/en\/chateau-lascombes-sold-2\/","og_locale":"en_US","og_type":"article","og_title":"Le Ch\u00e2teau Lascombes vendu pour 200 millions d'euros - La Berg\u00e8re","og_description":"La Berg\u00e8re - Grands Vins est un n\u00e9gociant en vin pour les professionnels - Vente et Achat de grands vins et grands crus.","og_url":"https:\/\/la-bergere.fr\/en\/chateau-lascombes-sold-2\/","og_site_name":"La Berg\u00e8re","article_published_time":"2011-07-09T22:00:00+00:00","author":"alexandre.impinna","twitter_misc":{"Written by":"alexandre.impinna","Est. reading time":"2 minutes"},"schema":{"@context":"https:\/\/schema.org","@graph":[{"@type":"Article","@id":"https:\/\/la-bergere.fr\/chateau-lascombes-sold-2\/#article","isPartOf":{"@id":"https:\/\/la-bergere.fr\/chateau-lascombes-sold-2\/"},"author":{"name":"alexandre.impinna","@id":"https:\/\/la-bergere.fr\/#\/schema\/person\/f27f3fea6a79cd8f58f092f2ea8601ac"},"headline":"Le Ch\u00e2teau Lascombes vendu pour 200 millions d&rsquo;euros","datePublished":"2011-07-09T22:00:00+00:00","mainEntityOfPage":{"@id":"https:\/\/la-bergere.fr\/chateau-lascombes-sold-2\/"},"wordCount":491,"commentCount":0,"image":{"@id":"https:\/\/la-bergere.fr\/chateau-lascombes-sold-2\/#primaryimage"},"thumbnailUrl":"","articleSection":["Autres"],"inLanguage":"en-US","potentialAction":[{"@type":"CommentAction","name":"Comment","target":["https:\/\/la-bergere.fr\/chateau-lascombes-sold-2\/#respond"]}]},{"@type":"WebPage","@id":"https:\/\/la-bergere.fr\/chateau-lascombes-sold-2\/","url":"https:\/\/la-bergere.fr\/chateau-lascombes-sold-2\/","name":"Le Ch\u00e2teau Lascombes vendu pour 200 millions d'euros - La Berg\u00e8re","isPartOf":{"@id":"https:\/\/la-bergere.fr\/#website"},"primaryImageOfPage":{"@id":"https:\/\/la-bergere.fr\/chateau-lascombes-sold-2\/#primaryimage"},"image":{"@id":"https:\/\/la-bergere.fr\/chateau-lascombes-sold-2\/#primaryimage"},"thumbnailUrl":"","datePublished":"2011-07-09T22:00:00+00:00","author":{"@id":"https:\/\/la-bergere.fr\/#\/schema\/person\/f27f3fea6a79cd8f58f092f2ea8601ac"},"description":"La Berg\u00e8re - Grands Vins est un n\u00e9gociant en vin pour les professionnels - Vente et Achat de grands vins et grands crus.","breadcrumb":{"@id":"https:\/\/la-bergere.fr\/chateau-lascombes-sold-2\/#breadcrumb"},"inLanguage":"en-US","potentialAction":[{"@type":"ReadAction","target":["https:\/\/la-bergere.fr\/chateau-lascombes-sold-2\/"]}]},{"@type":"ImageObject","inLanguage":"en-US","@id":"https:\/\/la-bergere.fr\/chateau-lascombes-sold-2\/#primaryimage","url":"","contentUrl":""},{"@type":"BreadcrumbList","@id":"https:\/\/la-bergere.fr\/chateau-lascombes-sold-2\/#breadcrumb","itemListElement":[{"@type":"ListItem","position":1,"name":"Accueil","item":"https:\/\/la-bergere.fr\/"},{"@type":"ListItem","position":2,"name":"Le Ch\u00e2teau Lascombes vendu pour 200 millions d&rsquo;euros"}]},{"@type":"WebSite","@id":"https:\/\/la-bergere.fr\/#website","url":"https:\/\/la-bergere.fr\/","name":"Shepherdess","description":"Trading of grands crus and fine wines","potentialAction":[{"@type":"SearchAction","target":{"@type":"EntryPoint","urlTemplate":"https:\/\/la-bergere.fr\/?s={search_term_string}"},"query-input":{"@type":"PropertyValueSpecification","valueRequired":true,"valueName":"search_term_string"}}],"inLanguage":"en-US"},{"@type":"Person","@id":"https:\/\/la-bergere.fr\/#\/schema\/person\/f27f3fea6a79cd8f58f092f2ea8601ac","name":"alexandre.impinna","image":{"@type":"ImageObject","inLanguage":"en-US","@id":"https:\/\/secure.gravatar.com\/avatar\/d3b9399bb826b1ef1cefaac0bdd8b069b06825b10a9156d1b35cbd91317d20f5?s=96&d=mm&r=g","url":"https:\/\/secure.gravatar.com\/avatar\/d3b9399bb826b1ef1cefaac0bdd8b069b06825b10a9156d1b35cbd91317d20f5?s=96&d=mm&r=g","contentUrl":"https:\/\/secure.gravatar.com\/avatar\/d3b9399bb826b1ef1cefaac0bdd8b069b06825b10a9156d1b35cbd91317d20f5?s=96&d=mm&r=g","caption":"alexandre.impinna"},"url":"https:\/\/la-bergere.fr\/en\/author\/alexandre-impinna\/"}]}},"_links":{"self":[{"href":"https:\/\/la-bergere.fr\/en\/wp-json\/wp\/v2\/posts\/87","targetHints":{"allow":["GET"]}}],"collection":[{"href":"https:\/\/la-bergere.fr\/en\/wp-json\/wp\/v2\/posts"}],"about":[{"href":"https:\/\/la-bergere.fr\/en\/wp-json\/wp\/v2\/types\/post"}],"author":[{"embeddable":true,"href":"https:\/\/la-bergere.fr\/en\/wp-json\/wp\/v2\/users\/12"}],"replies":[{"embeddable":true,"href":"https:\/\/la-bergere.fr\/en\/wp-json\/wp\/v2\/comments?post=87"}],"version-history":[{"count":0,"href":"https:\/\/la-bergere.fr\/en\/wp-json\/wp\/v2\/posts\/87\/revisions"}],"wp:featuredmedia":[{"embeddable":true,"href":"https:\/\/la-bergere.fr\/en\/wp-json\/"}],"wp:attachment":[{"href":"https:\/\/la-bergere.fr\/en\/wp-json\/wp\/v2\/media?parent=87"}],"wp:term":[{"taxonomy":"category","embeddable":true,"href":"https:\/\/la-bergere.fr\/en\/wp-json\/wp\/v2\/categories?post=87"},{"taxonomy":"post_tag","embeddable":true,"href":"https:\/\/la-bergere.fr\/en\/wp-json\/wp\/v2\/tags?post=87"}],"curies":[{"name":"wp","href":"https:\/\/api.w.org\/{rel}","templated":true}]}}