{"id":82,"date":"2011-06-09T23:00:00","date_gmt":"2011-06-09T22:00:00","guid":{"rendered":"http:\/\/dev.bikloz.net\/lbv\/en\/non-classe\/2010-en-primeur-2\/"},"modified":"2011-06-09T23:00:00","modified_gmt":"2011-06-09T22:00:00","slug":"2010-en-primeur-2","status":"publish","type":"post","link":"https:\/\/la-bergere.fr\/en\/2010-en-primeur-2\/","title":{"rendered":"Soaring releases in 2010"},"content":{"rendered":"<p>After a rather soft start, the 2010 primeur campaign finally took off this week.<\/p>\n<p>  <!--more-->  <\/p>\n<p>&nbsp;As shown in the table below, most of the wines were put on sale at prices as exceptional as those practiced at the exit of the <br \/>2009 vintage, despite complaints from consumers and critics.<\/p>\n<p><img loading=\"lazy\" decoding=\"async\" class=\"alignleft size-full wp-image-80\" src=\"http:\/\/dev.bikloz.net\/lbv\/en\/wp-content\/uploads\/sites\/2\/2011\/06\/table 2010.png\" alt=\"2010-en-primeur\" style=\"float: left\" width=\"548\" height=\"361\" \/><\/p>\n<p>\u00a0<\/p>\n<p>\u00a0<\/p>\n<p>\u00a0<\/p>\n<p>\u00a0<\/p>\n<p>\u00a0<\/p>\n<p>\u00a0<\/p>\n<p>\u00a0<\/p>\n<p>\u00a0<\/p>\n<p>\u00a0<\/p>\n<p>\u00a0<\/p>\n<p>\u00a0<\/p>\n<p>For some, Ch\u00e2teau Durfort-Vivens made the event this week. Released last year at a price of \u20ac24.50 a bottle (wholesale price), the 2010 vintage was released at \u20ac31.80 (wholesale price), an increase of 30 %, one of the most dazzling observed to date (only Ch\u00e2teau Pontet-Canet has experienced a more impressive one).<\/p>\n<p>Even if the Seconds Grands Crus saw their prices climb rapidly this year under the effect of an increase in demand in Asia, Ch\u00e2teau Durfort-Vivens was one of the few not to have benefited from it yet. Isn&#039;t this 2010 release a bitter reminder of its official status as a Second Grand Cru (unlike Ch\u00e2teau Pontet-Canet, which now bears the nickname &quot;Flying Fifth&quot;, literally &quot;Fifth wheel&quot;)?<\/p>\n<p>Source:<a target=\"_blank\" href=\"http:\/\/liv-ex.typepad.com\/livex_fine_wine_market_bl\/\"> Livex<br \/><\/a>June 10, 2011<\/p>","protected":false},"excerpt":{"rendered":"<p>After a rather soft start, the 2010 primeur campaign finally took off this week.<\/p>","protected":false},"author":12,"featured_media":80,"comment_status":"open","ping_status":"open","sticky":false,"template":"","format":"standard","meta":{"footnotes":""},"categories":[1],"tags":[],"class_list":["post-82","post","type-post","status-publish","format-standard","has-post-thumbnail","hentry","category-autres"],"yoast_head":"<!-- This site is optimized with the Yoast SEO plugin v27.5 - https:\/\/yoast.com\/product\/yoast-seo-wordpress\/ -->\n<title>L\u2019envol\u00e9e des sorties 2010 - La Berg\u00e8re<\/title>\n<meta name=\"description\" content=\"La Berg\u00e8re - Grands Vins est un n\u00e9gociant en vin pour les professionnels - Vente et Achat de grands vins et grands crus.\" \/>\n<meta name=\"robots\" content=\"index, follow, max-snippet:-1, max-image-preview:large, max-video-preview:-1\" \/>\n<link rel=\"canonical\" href=\"https:\/\/la-bergere.fr\/en\/2010-en-primeur-2\/\" \/>\n<meta property=\"og:locale\" content=\"en_US\" \/>\n<meta property=\"og:type\" content=\"article\" \/>\n<meta property=\"og:title\" content=\"L\u2019envol\u00e9e des sorties 2010 - La Berg\u00e8re\" \/>\n<meta property=\"og:description\" content=\"La Berg\u00e8re - Grands Vins est un n\u00e9gociant en vin pour les professionnels - Vente et Achat de grands vins et grands crus.\" \/>\n<meta property=\"og:url\" content=\"https:\/\/la-bergere.fr\/en\/2010-en-primeur-2\/\" \/>\n<meta property=\"og:site_name\" content=\"La Berg\u00e8re\" \/>\n<meta property=\"article:published_time\" content=\"2011-06-09T22:00:00+00:00\" \/>\n<meta name=\"author\" content=\"alexandre.impinna\" \/>\n<meta name=\"twitter:label1\" content=\"Written by\" \/>\n\t<meta name=\"twitter:data1\" content=\"alexandre.impinna\" \/>\n\t<meta name=\"twitter:label2\" content=\"Est. reading time\" \/>\n\t<meta name=\"twitter:data2\" content=\"1 minute\" \/>\n<script type=\"application\/ld+json\" class=\"yoast-schema-graph\">{\"@context\":\"https:\\\/\\\/schema.org\",\"@graph\":[{\"@type\":\"Article\",\"@id\":\"https:\\\/\\\/la-bergere.fr\\\/2010-en-primeur-2\\\/#article\",\"isPartOf\":{\"@id\":\"https:\\\/\\\/la-bergere.fr\\\/2010-en-primeur-2\\\/\"},\"author\":{\"name\":\"alexandre.impinna\",\"@id\":\"https:\\\/\\\/la-bergere.fr\\\/#\\\/schema\\\/person\\\/f27f3fea6a79cd8f58f092f2ea8601ac\"},\"headline\":\"L\u2019envol\u00e9e des sorties 2010\",\"datePublished\":\"2011-06-09T22:00:00+00:00\",\"mainEntityOfPage\":{\"@id\":\"https:\\\/\\\/la-bergere.fr\\\/2010-en-primeur-2\\\/\"},\"wordCount\":203,\"commentCount\":0,\"image\":{\"@id\":\"https:\\\/\\\/la-bergere.fr\\\/2010-en-primeur-2\\\/#primaryimage\"},\"thumbnailUrl\":\"\",\"articleSection\":[\"Autres\"],\"inLanguage\":\"en-US\",\"potentialAction\":[{\"@type\":\"CommentAction\",\"name\":\"Comment\",\"target\":[\"https:\\\/\\\/la-bergere.fr\\\/2010-en-primeur-2\\\/#respond\"]}]},{\"@type\":\"WebPage\",\"@id\":\"https:\\\/\\\/la-bergere.fr\\\/2010-en-primeur-2\\\/\",\"url\":\"https:\\\/\\\/la-bergere.fr\\\/2010-en-primeur-2\\\/\",\"name\":\"L\u2019envol\u00e9e des sorties 2010 - La Berg\u00e8re\",\"isPartOf\":{\"@id\":\"https:\\\/\\\/la-bergere.fr\\\/#website\"},\"primaryImageOfPage\":{\"@id\":\"https:\\\/\\\/la-bergere.fr\\\/2010-en-primeur-2\\\/#primaryimage\"},\"image\":{\"@id\":\"https:\\\/\\\/la-bergere.fr\\\/2010-en-primeur-2\\\/#primaryimage\"},\"thumbnailUrl\":\"\",\"datePublished\":\"2011-06-09T22:00:00+00:00\",\"author\":{\"@id\":\"https:\\\/\\\/la-bergere.fr\\\/#\\\/schema\\\/person\\\/f27f3fea6a79cd8f58f092f2ea8601ac\"},\"description\":\"La Berg\u00e8re - Grands Vins est un n\u00e9gociant en vin pour les professionnels - Vente et Achat de grands vins et grands crus.\",\"breadcrumb\":{\"@id\":\"https:\\\/\\\/la-bergere.fr\\\/2010-en-primeur-2\\\/#breadcrumb\"},\"inLanguage\":\"en-US\",\"potentialAction\":[{\"@type\":\"ReadAction\",\"target\":[\"https:\\\/\\\/la-bergere.fr\\\/2010-en-primeur-2\\\/\"]}]},{\"@type\":\"ImageObject\",\"inLanguage\":\"en-US\",\"@id\":\"https:\\\/\\\/la-bergere.fr\\\/2010-en-primeur-2\\\/#primaryimage\",\"url\":\"\",\"contentUrl\":\"\"},{\"@type\":\"BreadcrumbList\",\"@id\":\"https:\\\/\\\/la-bergere.fr\\\/2010-en-primeur-2\\\/#breadcrumb\",\"itemListElement\":[{\"@type\":\"ListItem\",\"position\":1,\"name\":\"Accueil\",\"item\":\"https:\\\/\\\/la-bergere.fr\\\/\"},{\"@type\":\"ListItem\",\"position\":2,\"name\":\"L\u2019envol\u00e9e des sorties 2010\"}]},{\"@type\":\"WebSite\",\"@id\":\"https:\\\/\\\/la-bergere.fr\\\/#website\",\"url\":\"https:\\\/\\\/la-bergere.fr\\\/\",\"name\":\"La Berg\u00e8re\",\"description\":\"N\u00e9goce de grands crus et vins fins\",\"potentialAction\":[{\"@type\":\"SearchAction\",\"target\":{\"@type\":\"EntryPoint\",\"urlTemplate\":\"https:\\\/\\\/la-bergere.fr\\\/?s={search_term_string}\"},\"query-input\":{\"@type\":\"PropertyValueSpecification\",\"valueRequired\":true,\"valueName\":\"search_term_string\"}}],\"inLanguage\":\"en-US\"},{\"@type\":\"Person\",\"@id\":\"https:\\\/\\\/la-bergere.fr\\\/#\\\/schema\\\/person\\\/f27f3fea6a79cd8f58f092f2ea8601ac\",\"name\":\"alexandre.impinna\",\"image\":{\"@type\":\"ImageObject\",\"inLanguage\":\"en-US\",\"@id\":\"https:\\\/\\\/secure.gravatar.com\\\/avatar\\\/d3b9399bb826b1ef1cefaac0bdd8b069b06825b10a9156d1b35cbd91317d20f5?s=96&d=mm&r=g\",\"url\":\"https:\\\/\\\/secure.gravatar.com\\\/avatar\\\/d3b9399bb826b1ef1cefaac0bdd8b069b06825b10a9156d1b35cbd91317d20f5?s=96&d=mm&r=g\",\"contentUrl\":\"https:\\\/\\\/secure.gravatar.com\\\/avatar\\\/d3b9399bb826b1ef1cefaac0bdd8b069b06825b10a9156d1b35cbd91317d20f5?s=96&d=mm&r=g\",\"caption\":\"alexandre.impinna\"},\"url\":\"https:\\\/\\\/la-bergere.fr\\\/en\\\/author\\\/alexandre-impinna\\\/\"}]}<\/script>\n<!-- \/ Yoast SEO plugin. -->","yoast_head_json":{"title":"L\u2019envol\u00e9e des sorties 2010 - La Berg\u00e8re","description":"La Berg\u00e8re - Grands Vins est un n\u00e9gociant en vin pour les professionnels - Vente et Achat de grands vins et grands crus.","robots":{"index":"index","follow":"follow","max-snippet":"max-snippet:-1","max-image-preview":"max-image-preview:large","max-video-preview":"max-video-preview:-1"},"canonical":"https:\/\/la-bergere.fr\/en\/2010-en-primeur-2\/","og_locale":"en_US","og_type":"article","og_title":"L\u2019envol\u00e9e des sorties 2010 - La Berg\u00e8re","og_description":"La Berg\u00e8re - Grands Vins est un n\u00e9gociant en vin pour les professionnels - Vente et Achat de grands vins et grands crus.","og_url":"https:\/\/la-bergere.fr\/en\/2010-en-primeur-2\/","og_site_name":"La Berg\u00e8re","article_published_time":"2011-06-09T22:00:00+00:00","author":"alexandre.impinna","twitter_misc":{"Written by":"alexandre.impinna","Est. reading time":"1 minute"},"schema":{"@context":"https:\/\/schema.org","@graph":[{"@type":"Article","@id":"https:\/\/la-bergere.fr\/2010-en-primeur-2\/#article","isPartOf":{"@id":"https:\/\/la-bergere.fr\/2010-en-primeur-2\/"},"author":{"name":"alexandre.impinna","@id":"https:\/\/la-bergere.fr\/#\/schema\/person\/f27f3fea6a79cd8f58f092f2ea8601ac"},"headline":"L\u2019envol\u00e9e des sorties 2010","datePublished":"2011-06-09T22:00:00+00:00","mainEntityOfPage":{"@id":"https:\/\/la-bergere.fr\/2010-en-primeur-2\/"},"wordCount":203,"commentCount":0,"image":{"@id":"https:\/\/la-bergere.fr\/2010-en-primeur-2\/#primaryimage"},"thumbnailUrl":"","articleSection":["Autres"],"inLanguage":"en-US","potentialAction":[{"@type":"CommentAction","name":"Comment","target":["https:\/\/la-bergere.fr\/2010-en-primeur-2\/#respond"]}]},{"@type":"WebPage","@id":"https:\/\/la-bergere.fr\/2010-en-primeur-2\/","url":"https:\/\/la-bergere.fr\/2010-en-primeur-2\/","name":"L\u2019envol\u00e9e des sorties 2010 - La Berg\u00e8re","isPartOf":{"@id":"https:\/\/la-bergere.fr\/#website"},"primaryImageOfPage":{"@id":"https:\/\/la-bergere.fr\/2010-en-primeur-2\/#primaryimage"},"image":{"@id":"https:\/\/la-bergere.fr\/2010-en-primeur-2\/#primaryimage"},"thumbnailUrl":"","datePublished":"2011-06-09T22:00:00+00:00","author":{"@id":"https:\/\/la-bergere.fr\/#\/schema\/person\/f27f3fea6a79cd8f58f092f2ea8601ac"},"description":"La Berg\u00e8re - Grands Vins est un n\u00e9gociant en vin pour les professionnels - Vente et Achat de grands vins et grands crus.","breadcrumb":{"@id":"https:\/\/la-bergere.fr\/2010-en-primeur-2\/#breadcrumb"},"inLanguage":"en-US","potentialAction":[{"@type":"ReadAction","target":["https:\/\/la-bergere.fr\/2010-en-primeur-2\/"]}]},{"@type":"ImageObject","inLanguage":"en-US","@id":"https:\/\/la-bergere.fr\/2010-en-primeur-2\/#primaryimage","url":"","contentUrl":""},{"@type":"BreadcrumbList","@id":"https:\/\/la-bergere.fr\/2010-en-primeur-2\/#breadcrumb","itemListElement":[{"@type":"ListItem","position":1,"name":"Accueil","item":"https:\/\/la-bergere.fr\/"},{"@type":"ListItem","position":2,"name":"L\u2019envol\u00e9e des sorties 2010"}]},{"@type":"WebSite","@id":"https:\/\/la-bergere.fr\/#website","url":"https:\/\/la-bergere.fr\/","name":"Shepherdess","description":"Trading of grands crus and fine wines","potentialAction":[{"@type":"SearchAction","target":{"@type":"EntryPoint","urlTemplate":"https:\/\/la-bergere.fr\/?s={search_term_string}"},"query-input":{"@type":"PropertyValueSpecification","valueRequired":true,"valueName":"search_term_string"}}],"inLanguage":"en-US"},{"@type":"Person","@id":"https:\/\/la-bergere.fr\/#\/schema\/person\/f27f3fea6a79cd8f58f092f2ea8601ac","name":"alexandre.impinna","image":{"@type":"ImageObject","inLanguage":"en-US","@id":"https:\/\/secure.gravatar.com\/avatar\/d3b9399bb826b1ef1cefaac0bdd8b069b06825b10a9156d1b35cbd91317d20f5?s=96&d=mm&r=g","url":"https:\/\/secure.gravatar.com\/avatar\/d3b9399bb826b1ef1cefaac0bdd8b069b06825b10a9156d1b35cbd91317d20f5?s=96&d=mm&r=g","contentUrl":"https:\/\/secure.gravatar.com\/avatar\/d3b9399bb826b1ef1cefaac0bdd8b069b06825b10a9156d1b35cbd91317d20f5?s=96&d=mm&r=g","caption":"alexandre.impinna"},"url":"https:\/\/la-bergere.fr\/en\/author\/alexandre-impinna\/"}]}},"_links":{"self":[{"href":"https:\/\/la-bergere.fr\/en\/wp-json\/wp\/v2\/posts\/82","targetHints":{"allow":["GET"]}}],"collection":[{"href":"https:\/\/la-bergere.fr\/en\/wp-json\/wp\/v2\/posts"}],"about":[{"href":"https:\/\/la-bergere.fr\/en\/wp-json\/wp\/v2\/types\/post"}],"author":[{"embeddable":true,"href":"https:\/\/la-bergere.fr\/en\/wp-json\/wp\/v2\/users\/12"}],"replies":[{"embeddable":true,"href":"https:\/\/la-bergere.fr\/en\/wp-json\/wp\/v2\/comments?post=82"}],"version-history":[{"count":0,"href":"https:\/\/la-bergere.fr\/en\/wp-json\/wp\/v2\/posts\/82\/revisions"}],"wp:featuredmedia":[{"embeddable":true,"href":"https:\/\/la-bergere.fr\/en\/wp-json\/"}],"wp:attachment":[{"href":"https:\/\/la-bergere.fr\/en\/wp-json\/wp\/v2\/media?parent=82"}],"wp:term":[{"taxonomy":"category","embeddable":true,"href":"https:\/\/la-bergere.fr\/en\/wp-json\/wp\/v2\/categories?post=82"},{"taxonomy":"post_tag","embeddable":true,"href":"https:\/\/la-bergere.fr\/en\/wp-json\/wp\/v2\/tags?post=82"}],"curies":[{"name":"wp","href":"https:\/\/api.w.org\/{rel}","templated":true}]}}