{"id":3162,"date":"2015-04-30T15:30:24","date_gmt":"2015-04-30T14:30:24","guid":{"rendered":"https:\/\/la-bergere.fr\/?p=3162"},"modified":"2015-04-30T15:47:15","modified_gmt":"2015-04-30T14:47:15","slug":"dom-perignon-lance-son-millesime-2005","status":"publish","type":"post","link":"https:\/\/la-bergere.fr\/en\/dom-perignon-lance-son-millesime-2005\/","title":{"rendered":"Dom P\u00e9rignon launches its 2005 vintage"},"content":{"rendered":"<p style=\"text-align: justify;\">Dom P\u00e9rignon has launched its 2005 vintage. The quantities are small but the quality is said to be \u201cexceptional\u201d and \u201cof unprecedented aromatic maturity\u201d, according to Richard Geoffroy.<\/p>\n<p style=\"text-align: justify;\">While few champagne houses decided to make 2005 a vintage, and after nine years of maturation in Dom P\u00e9rignon&#039;s cellars, cellar master Richard Geoffroy described the wine as having &quot;a rich nose from which all the aroma of forest fruits, accentuated by a silvery minerality and notes of praline and coriander. \u00bb<\/p>\n<p style=\"text-align: justify;\">\u201cThe palate is powerful, structured and dense, with a surprisingly spicy floral finish. \u00bb<\/p>\n<p style=\"text-align: justify;\">After a warm and favorable year, the harvest was almost ruined by a cold and wet start to September. But the invasion of botrytis, especially on the pinot noir, was avoided thanks to the return of good weather shortly before the start of the harvest (launched on September 14 for the chardonnay and on the 17 for the pinot noir).<\/p>\n<p style=\"text-align: justify;\">The wine will go on sale at the recommended price of \u00a3130 (\u20ac180) a bottle.<\/p>\n<p style=\"text-align: justify;\">April 21, 2015<\/p>\n<p style=\"text-align: justify;\">Rupert Millar<\/p>\n<p style=\"text-align: justify;\"><a href=\"http:\/\/www.thedrinksbusiness.com\/2015\/04\/dom-perignon-launches-2005\/\" target=\"_blank\">The Drinks Business<\/a><\/p>","protected":false},"excerpt":{"rendered":"<p>Dom P\u00e9rignon a lanc\u00e9 son mill\u00e9sime 2005. Les quantit\u00e9s sont faibles mais la qualit\u00e9 serait \u00ab\u00a0exceptionnelle\u00a0\u00bb et \u00ab\u00a0d&rsquo;une maturit\u00e9 aromatique in\u00e9dite\u00a0\u00bb, selon Richard Geoffroy. Alors que peu de maisons de champagne ont d\u00e9cid\u00e9 de faire de 2005 un mill\u00e9sime, et apr\u00e8s neuf ans de maturation dans les caves de Dom P\u00e9rignon, le chef de cave [&hellip;]<\/p>\n","protected":false},"author":2,"featured_media":3166,"comment_status":"open","ping_status":"open","sticky":false,"template":"","format":"standard","meta":{"footnotes":""},"categories":[1],"tags":[],"class_list":["post-3162","post","type-post","status-publish","format-standard","has-post-thumbnail","hentry","category-autres"],"yoast_head":"<!-- This site is optimized with the Yoast SEO plugin v27.4 - https:\/\/yoast.com\/product\/yoast-seo-wordpress\/ -->\n<title>Dom P\u00e9rignon lance son mill\u00e9sime 2005 - La Berg\u00e8re<\/title>\n<meta name=\"description\" content=\"La Berg\u00e8re - Grands Vins est un n\u00e9gociant en vin pour les professionnels - Vente et Achat de grands vins et grands crus.\" \/>\n<meta name=\"robots\" content=\"index, follow, max-snippet:-1, max-image-preview:large, max-video-preview:-1\" \/>\n<link rel=\"canonical\" href=\"https:\/\/la-bergere.fr\/en\/dom-perignon-lance-son-millesime-2005\/\" \/>\n<meta property=\"og:locale\" content=\"en_US\" \/>\n<meta property=\"og:type\" content=\"article\" \/>\n<meta property=\"og:title\" content=\"Dom P\u00e9rignon lance son mill\u00e9sime 2005 - La Berg\u00e8re\" \/>\n<meta property=\"og:description\" content=\"La Berg\u00e8re - Grands Vins est un n\u00e9gociant en vin pour les professionnels - Vente et Achat de grands vins et grands crus.\" \/>\n<meta property=\"og:url\" content=\"https:\/\/la-bergere.fr\/en\/dom-perignon-lance-son-millesime-2005\/\" \/>\n<meta property=\"og:site_name\" content=\"La Berg\u00e8re\" \/>\n<meta property=\"article:published_time\" content=\"2015-04-30T14:30:24+00:00\" \/>\n<meta property=\"article:modified_time\" content=\"2015-04-30T14:47:15+00:00\" \/>\n<meta property=\"og:image\" content=\"https:\/\/la-bergere.fr\/wp-content\/uploads\/2015\/04\/Dom-P-e1430405181657.jpg\" \/>\n\t<meta property=\"og:image:width\" content=\"398\" \/>\n\t<meta property=\"og:image:height\" content=\"378\" \/>\n\t<meta property=\"og:image:type\" content=\"image\/jpeg\" \/>\n<meta name=\"author\" content=\"webmaster\" \/>\n<meta name=\"twitter:label1\" content=\"Written by\" \/>\n\t<meta name=\"twitter:data1\" content=\"webmaster\" \/>\n\t<meta name=\"twitter:label2\" content=\"Est. reading time\" \/>\n\t<meta name=\"twitter:data2\" content=\"1 minute\" \/>\n<script type=\"application\/ld+json\" class=\"yoast-schema-graph\">{\"@context\":\"https:\\\/\\\/schema.org\",\"@graph\":[{\"@type\":\"Article\",\"@id\":\"https:\\\/\\\/la-bergere.fr\\\/dom-perignon-lance-son-millesime-2005\\\/#article\",\"isPartOf\":{\"@id\":\"https:\\\/\\\/la-bergere.fr\\\/dom-perignon-lance-son-millesime-2005\\\/\"},\"author\":{\"name\":\"webmaster\",\"@id\":\"https:\\\/\\\/la-bergere.fr\\\/#\\\/schema\\\/person\\\/e639f8c184479ec5fb4cd6014b7ca2d6\"},\"headline\":\"Dom P\u00e9rignon lance son mill\u00e9sime 2005\",\"datePublished\":\"2015-04-30T14:30:24+00:00\",\"dateModified\":\"2015-04-30T14:47:15+00:00\",\"mainEntityOfPage\":{\"@id\":\"https:\\\/\\\/la-bergere.fr\\\/dom-perignon-lance-son-millesime-2005\\\/\"},\"wordCount\":211,\"commentCount\":0,\"image\":{\"@id\":\"https:\\\/\\\/la-bergere.fr\\\/dom-perignon-lance-son-millesime-2005\\\/#primaryimage\"},\"thumbnailUrl\":\"https:\\\/\\\/la-bergere.fr\\\/wp-content\\\/uploads\\\/2015\\\/04\\\/Dom-P-e1430405181657.jpg\",\"articleSection\":[\"Autres\"],\"inLanguage\":\"en-US\",\"potentialAction\":[{\"@type\":\"CommentAction\",\"name\":\"Comment\",\"target\":[\"https:\\\/\\\/la-bergere.fr\\\/dom-perignon-lance-son-millesime-2005\\\/#respond\"]}]},{\"@type\":\"WebPage\",\"@id\":\"https:\\\/\\\/la-bergere.fr\\\/dom-perignon-lance-son-millesime-2005\\\/\",\"url\":\"https:\\\/\\\/la-bergere.fr\\\/dom-perignon-lance-son-millesime-2005\\\/\",\"name\":\"Dom P\u00e9rignon lance son mill\u00e9sime 2005 - La Berg\u00e8re\",\"isPartOf\":{\"@id\":\"https:\\\/\\\/la-bergere.fr\\\/#website\"},\"primaryImageOfPage\":{\"@id\":\"https:\\\/\\\/la-bergere.fr\\\/dom-perignon-lance-son-millesime-2005\\\/#primaryimage\"},\"image\":{\"@id\":\"https:\\\/\\\/la-bergere.fr\\\/dom-perignon-lance-son-millesime-2005\\\/#primaryimage\"},\"thumbnailUrl\":\"https:\\\/\\\/la-bergere.fr\\\/wp-content\\\/uploads\\\/2015\\\/04\\\/Dom-P-e1430405181657.jpg\",\"datePublished\":\"2015-04-30T14:30:24+00:00\",\"dateModified\":\"2015-04-30T14:47:15+00:00\",\"author\":{\"@id\":\"https:\\\/\\\/la-bergere.fr\\\/#\\\/schema\\\/person\\\/e639f8c184479ec5fb4cd6014b7ca2d6\"},\"description\":\"La Berg\u00e8re - Grands Vins est un n\u00e9gociant en vin pour les professionnels - Vente et Achat de grands vins et grands crus.\",\"breadcrumb\":{\"@id\":\"https:\\\/\\\/la-bergere.fr\\\/dom-perignon-lance-son-millesime-2005\\\/#breadcrumb\"},\"inLanguage\":\"en-US\",\"potentialAction\":[{\"@type\":\"ReadAction\",\"target\":[\"https:\\\/\\\/la-bergere.fr\\\/dom-perignon-lance-son-millesime-2005\\\/\"]}]},{\"@type\":\"ImageObject\",\"inLanguage\":\"en-US\",\"@id\":\"https:\\\/\\\/la-bergere.fr\\\/dom-perignon-lance-son-millesime-2005\\\/#primaryimage\",\"url\":\"https:\\\/\\\/la-bergere.fr\\\/wp-content\\\/uploads\\\/2015\\\/04\\\/Dom-P-e1430405181657.jpg\",\"contentUrl\":\"https:\\\/\\\/la-bergere.fr\\\/wp-content\\\/uploads\\\/2015\\\/04\\\/Dom-P-e1430405181657.jpg\",\"width\":398,\"height\":378},{\"@type\":\"BreadcrumbList\",\"@id\":\"https:\\\/\\\/la-bergere.fr\\\/dom-perignon-lance-son-millesime-2005\\\/#breadcrumb\",\"itemListElement\":[{\"@type\":\"ListItem\",\"position\":1,\"name\":\"Accueil\",\"item\":\"https:\\\/\\\/la-bergere.fr\\\/\"},{\"@type\":\"ListItem\",\"position\":2,\"name\":\"Dom P\u00e9rignon lance son mill\u00e9sime 2005\"}]},{\"@type\":\"WebSite\",\"@id\":\"https:\\\/\\\/la-bergere.fr\\\/#website\",\"url\":\"https:\\\/\\\/la-bergere.fr\\\/\",\"name\":\"La Berg\u00e8re\",\"description\":\"N\u00e9goce de grands crus et vins fins\",\"potentialAction\":[{\"@type\":\"SearchAction\",\"target\":{\"@type\":\"EntryPoint\",\"urlTemplate\":\"https:\\\/\\\/la-bergere.fr\\\/?s={search_term_string}\"},\"query-input\":{\"@type\":\"PropertyValueSpecification\",\"valueRequired\":true,\"valueName\":\"search_term_string\"}}],\"inLanguage\":\"en-US\"},{\"@type\":\"Person\",\"@id\":\"https:\\\/\\\/la-bergere.fr\\\/#\\\/schema\\\/person\\\/e639f8c184479ec5fb4cd6014b7ca2d6\",\"name\":\"webmaster\",\"image\":{\"@type\":\"ImageObject\",\"inLanguage\":\"en-US\",\"@id\":\"https:\\\/\\\/secure.gravatar.com\\\/avatar\\\/af4969f3a29fa9622de7c1d92034da44848eed035ff48687cdc235e6265587ae?s=96&d=mm&r=g\",\"url\":\"https:\\\/\\\/secure.gravatar.com\\\/avatar\\\/af4969f3a29fa9622de7c1d92034da44848eed035ff48687cdc235e6265587ae?s=96&d=mm&r=g\",\"contentUrl\":\"https:\\\/\\\/secure.gravatar.com\\\/avatar\\\/af4969f3a29fa9622de7c1d92034da44848eed035ff48687cdc235e6265587ae?s=96&d=mm&r=g\",\"caption\":\"webmaster\"},\"url\":\"https:\\\/\\\/la-bergere.fr\\\/en\\\/author\\\/la-bergere\\\/\"}]}<\/script>\n<!-- \/ Yoast SEO plugin. -->","yoast_head_json":{"title":"Dom P\u00e9rignon lance son mill\u00e9sime 2005 - La Berg\u00e8re","description":"La Berg\u00e8re - Grands Vins est un n\u00e9gociant en vin pour les professionnels - Vente et Achat de grands vins et grands crus.","robots":{"index":"index","follow":"follow","max-snippet":"max-snippet:-1","max-image-preview":"max-image-preview:large","max-video-preview":"max-video-preview:-1"},"canonical":"https:\/\/la-bergere.fr\/en\/dom-perignon-lance-son-millesime-2005\/","og_locale":"en_US","og_type":"article","og_title":"Dom P\u00e9rignon lance son mill\u00e9sime 2005 - La Berg\u00e8re","og_description":"La Berg\u00e8re - Grands Vins est un n\u00e9gociant en vin pour les professionnels - Vente et Achat de grands vins et grands crus.","og_url":"https:\/\/la-bergere.fr\/en\/dom-perignon-lance-son-millesime-2005\/","og_site_name":"La Berg\u00e8re","article_published_time":"2015-04-30T14:30:24+00:00","article_modified_time":"2015-04-30T14:47:15+00:00","og_image":[{"width":398,"height":378,"url":"https:\/\/la-bergere.fr\/wp-content\/uploads\/2015\/04\/Dom-P-e1430405181657.jpg","type":"image\/jpeg"}],"author":"webmaster","twitter_misc":{"Written by":"webmaster","Est. reading time":"1 minute"},"schema":{"@context":"https:\/\/schema.org","@graph":[{"@type":"Article","@id":"https:\/\/la-bergere.fr\/dom-perignon-lance-son-millesime-2005\/#article","isPartOf":{"@id":"https:\/\/la-bergere.fr\/dom-perignon-lance-son-millesime-2005\/"},"author":{"name":"webmaster","@id":"https:\/\/la-bergere.fr\/#\/schema\/person\/e639f8c184479ec5fb4cd6014b7ca2d6"},"headline":"Dom P\u00e9rignon lance son mill\u00e9sime 2005","datePublished":"2015-04-30T14:30:24+00:00","dateModified":"2015-04-30T14:47:15+00:00","mainEntityOfPage":{"@id":"https:\/\/la-bergere.fr\/dom-perignon-lance-son-millesime-2005\/"},"wordCount":211,"commentCount":0,"image":{"@id":"https:\/\/la-bergere.fr\/dom-perignon-lance-son-millesime-2005\/#primaryimage"},"thumbnailUrl":"https:\/\/la-bergere.fr\/wp-content\/uploads\/2015\/04\/Dom-P-e1430405181657.jpg","articleSection":["Autres"],"inLanguage":"en-US","potentialAction":[{"@type":"CommentAction","name":"Comment","target":["https:\/\/la-bergere.fr\/dom-perignon-lance-son-millesime-2005\/#respond"]}]},{"@type":"WebPage","@id":"https:\/\/la-bergere.fr\/dom-perignon-lance-son-millesime-2005\/","url":"https:\/\/la-bergere.fr\/dom-perignon-lance-son-millesime-2005\/","name":"Dom P\u00e9rignon lance son mill\u00e9sime 2005 - La Berg\u00e8re","isPartOf":{"@id":"https:\/\/la-bergere.fr\/#website"},"primaryImageOfPage":{"@id":"https:\/\/la-bergere.fr\/dom-perignon-lance-son-millesime-2005\/#primaryimage"},"image":{"@id":"https:\/\/la-bergere.fr\/dom-perignon-lance-son-millesime-2005\/#primaryimage"},"thumbnailUrl":"https:\/\/la-bergere.fr\/wp-content\/uploads\/2015\/04\/Dom-P-e1430405181657.jpg","datePublished":"2015-04-30T14:30:24+00:00","dateModified":"2015-04-30T14:47:15+00:00","author":{"@id":"https:\/\/la-bergere.fr\/#\/schema\/person\/e639f8c184479ec5fb4cd6014b7ca2d6"},"description":"La Berg\u00e8re - Grands Vins est un n\u00e9gociant en vin pour les professionnels - Vente et Achat de grands vins et grands crus.","breadcrumb":{"@id":"https:\/\/la-bergere.fr\/dom-perignon-lance-son-millesime-2005\/#breadcrumb"},"inLanguage":"en-US","potentialAction":[{"@type":"ReadAction","target":["https:\/\/la-bergere.fr\/dom-perignon-lance-son-millesime-2005\/"]}]},{"@type":"ImageObject","inLanguage":"en-US","@id":"https:\/\/la-bergere.fr\/dom-perignon-lance-son-millesime-2005\/#primaryimage","url":"https:\/\/la-bergere.fr\/wp-content\/uploads\/2015\/04\/Dom-P-e1430405181657.jpg","contentUrl":"https:\/\/la-bergere.fr\/wp-content\/uploads\/2015\/04\/Dom-P-e1430405181657.jpg","width":398,"height":378},{"@type":"BreadcrumbList","@id":"https:\/\/la-bergere.fr\/dom-perignon-lance-son-millesime-2005\/#breadcrumb","itemListElement":[{"@type":"ListItem","position":1,"name":"Accueil","item":"https:\/\/la-bergere.fr\/"},{"@type":"ListItem","position":2,"name":"Dom P\u00e9rignon lance son mill\u00e9sime 2005"}]},{"@type":"WebSite","@id":"https:\/\/la-bergere.fr\/#website","url":"https:\/\/la-bergere.fr\/","name":"Shepherdess","description":"Trading of grands crus and fine wines","potentialAction":[{"@type":"SearchAction","target":{"@type":"EntryPoint","urlTemplate":"https:\/\/la-bergere.fr\/?s={search_term_string}"},"query-input":{"@type":"PropertyValueSpecification","valueRequired":true,"valueName":"search_term_string"}}],"inLanguage":"en-US"},{"@type":"Person","@id":"https:\/\/la-bergere.fr\/#\/schema\/person\/e639f8c184479ec5fb4cd6014b7ca2d6","name":"webmaster","image":{"@type":"ImageObject","inLanguage":"en-US","@id":"https:\/\/secure.gravatar.com\/avatar\/af4969f3a29fa9622de7c1d92034da44848eed035ff48687cdc235e6265587ae?s=96&d=mm&r=g","url":"https:\/\/secure.gravatar.com\/avatar\/af4969f3a29fa9622de7c1d92034da44848eed035ff48687cdc235e6265587ae?s=96&d=mm&r=g","contentUrl":"https:\/\/secure.gravatar.com\/avatar\/af4969f3a29fa9622de7c1d92034da44848eed035ff48687cdc235e6265587ae?s=96&d=mm&r=g","caption":"webmaster"},"url":"https:\/\/la-bergere.fr\/en\/author\/la-bergere\/"}]}},"_links":{"self":[{"href":"https:\/\/la-bergere.fr\/en\/wp-json\/wp\/v2\/posts\/3162","targetHints":{"allow":["GET"]}}],"collection":[{"href":"https:\/\/la-bergere.fr\/en\/wp-json\/wp\/v2\/posts"}],"about":[{"href":"https:\/\/la-bergere.fr\/en\/wp-json\/wp\/v2\/types\/post"}],"author":[{"embeddable":true,"href":"https:\/\/la-bergere.fr\/en\/wp-json\/wp\/v2\/users\/2"}],"replies":[{"embeddable":true,"href":"https:\/\/la-bergere.fr\/en\/wp-json\/wp\/v2\/comments?post=3162"}],"version-history":[{"count":2,"href":"https:\/\/la-bergere.fr\/en\/wp-json\/wp\/v2\/posts\/3162\/revisions"}],"predecessor-version":[{"id":3165,"href":"https:\/\/la-bergere.fr\/en\/wp-json\/wp\/v2\/posts\/3162\/revisions\/3165"}],"wp:featuredmedia":[{"embeddable":true,"href":"https:\/\/la-bergere.fr\/en\/wp-json\/wp\/v2\/media\/3166"}],"wp:attachment":[{"href":"https:\/\/la-bergere.fr\/en\/wp-json\/wp\/v2\/media?parent=3162"}],"wp:term":[{"taxonomy":"category","embeddable":true,"href":"https:\/\/la-bergere.fr\/en\/wp-json\/wp\/v2\/categories?post=3162"},{"taxonomy":"post_tag","embeddable":true,"href":"https:\/\/la-bergere.fr\/en\/wp-json\/wp\/v2\/tags?post=3162"}],"curies":[{"name":"wp","href":"https:\/\/api.w.org\/{rel}","templated":true}]}}