{"id":219,"date":"2012-10-08T23:00:00","date_gmt":"2012-10-08T22:00:00","guid":{"rendered":"http:\/\/dev.bikloz.net\/lbv\/en\/non-classe\/la-bourgogne-est-elle-menacee-par-une-penurie-de-vin\/"},"modified":"2012-10-08T23:00:00","modified_gmt":"2012-10-08T22:00:00","slug":"la-bourgogne-est-elle-menacee-par-une-penurie-de-vin","status":"publish","type":"post","link":"https:\/\/la-bergere.fr\/en\/la-bourgogne-est-elle-menacee-par-une-penurie-de-vin\/","title":{"rendered":"Is Burgundy threatened by a shortage of wine?"},"content":{"rendered":"<p>The Burgundy Wine Interprofessional Bureau (BIVB) is concerned about the possibility of a wine shortage by 2013. The reason: a very poor 2012 harvest combined with record sales.<\/p>\n<p>  <!--more-->  <\/p>\n<p><img loading=\"lazy\" decoding=\"async\" class=\"alignleft size-full wp-image-218\" style=\"float: left\" alt=\"Clos du Tart\" src=\"http:\/\/dev.bikloz.net\/lbv\/en\/wp-content\/uploads\/sites\/2\/2012\/10\/lamtart.jpg\" width=\"364\" height=\"287\" \/>Could Burgundy be a victim of its own success? The BIVB (interprofessional office of Burgundy wines) is sounding the alarm. At some winegrowers, plots were completely destroyed by bad weather or disease, while many others experienced losses of 50 to 70% of their harvest. The wine union fears a drying up of wine stocks in many areas of the region.<\/p>\n<p><strong>&quot;NO WORRIES FOR THE BURGUNDY OF THE HAVE&quot;<\/strong><\/p>\n<p>At the Fran\u00e7ois and Antoine Jobard estate, in Meursault, the harvest has decreased by more than 50% compared to last year: &quot;Since 2008, yields have been difficult to achieve and harvests have dropped by around 30% each year, except in 2009&quot; says Antoine Jobard, at the head of the property. At Clos de Tart, in the C\u00f4te de Nuits, \u201cfrom 26\/27 hectos usually, we went to 14\/15 hectos this year\u201d explains the director Sylvain Pitiot. According to the latter, there is however no reason to be alarmed: \u201cwe are used to years with low yields. For small producers it will be hard, but for the Burgundy of the wealthy, there is nothing to worry about\u201d.<\/p>\n<p>At the Domaine du Clos du Roi in Bourgogne Coulanges, Magalie Bernard considers herself relatively spared: \u201cIn recent years, we have made sure to store and we have also avoided the problems of frost and disease. We are therefore a little better off than elsewhere in Burgundy. In 2012, this winegrower nevertheless lost a third of her production. \u201cHalf of my colleagues don&#039;t achieve their yields, as for me, I haven&#039;t achieved them since 2010. Winegrowers of my father&#039;s generation have never experienced this! she adds.<\/p>\n<p>The weak harvest of the last vintage \u2013 the smallest since 1955 \u2013 is all the more alarming for the BIVB as it is combined with booming demand and record sales, in supermarkets (+5.8%) but also at exports (+15%), supported by the surge in Asian markets, because Europe \u2013 Belgium and the Netherlands in particular \u2013 is on the decline.<\/p>\n<p>Antoine Jobard does not sell in supermarkets, but he has noticed a considerable increase in demand: &quot;In addition to historical markets such as Germany or Great Britain, where sales are not weakening, new clienteles are emerging, such as in Lebanon, where I would never have thought of selling! Already, ten years ago, Italy and Spain had started the movement\u201d he adds. \u201cThe Burgundy wine trade is doing well, claims Sylvain Pitiot, it is our customers who will be a little frustrated. But after all, it&#039;s better than thinking \u201cbut what am I going to do with all this wine\u201d!<\/p>\n<p>\u201cIt&#039;s mathematical: most of us don&#039;t have more than the equivalent of a vintage in stock, which isn&#039;t much. Those who work with large retailers must have considerable volumes to keep up with demand. If 2013 looks like 2012, some will undoubtedly find themselves out of stock,\u201d explains Magalie Bernard. Again, she is doing well! By selling only to private individuals, to restaurants and a little in Belgium, this daughter of market gardeners converted winegrowers avoids the worst. \u201cThe domains will be in great demand by the trade, which will seek to fill the missing quantities\u201d she anticipates.<\/p>\n<p><strong>\u201cWE WILL SPREAD A LITTLE MORE BUTTER ON THE BREAD<\/strong>&quot;\u00a0<\/p>\n<p>Faced with this phenomenon, winegrowers are preparing for the worst to better manage their stock. At Clos de Tart, Sylvain Pitiot plans to relaunch old vintages on the market: \u201cReservations are made for that. We will spread a little more butter on the toast. \u00bb<\/p>\n<p>\u201cYou have to smooth out, spread out the sales. Do not sell everything in six months so as not to be stripped afterwards for a year\u201d confirms Antoine Jobard. He insists, the big buyers should not take over the others: &quot;If we wanted to, we could sell everything to three customers, or if we listen to others, we would sell twice the harvest in Meursault 1er cru. ! You have to share, everyone should be able to have a little wine\u2026 Obviously in theory it&#039;s simple, but in practice much less so. \u00bb<\/p>\n<p>Source: Agatha Petit<br \/><a href=\"http:\/\/www.larvf.com\/,vins-bourgogne-export-penurie-stock-de-vin-faible-recolte-francois-et-antoine-jobard-domaine-clos-du-roi,13180,4249142.asp\" target=\"_blank\">The French Wine Review<\/a><br \/>09 October 2012<\/p>","protected":false},"excerpt":{"rendered":"<p>The Burgundy Wine Interprofessional Bureau (BIVB) is concerned about the possibility of a wine shortage by 2013. The reason: a very poor 2012 harvest combined with record sales.<\/p>","protected":false},"author":12,"featured_media":218,"comment_status":"open","ping_status":"open","sticky":false,"template":"","format":"standard","meta":{"footnotes":""},"categories":[1],"tags":[],"class_list":["post-219","post","type-post","status-publish","format-standard","has-post-thumbnail","hentry","category-autres"],"yoast_head":"<!-- This site is optimized with the Yoast SEO plugin v27.5 - https:\/\/yoast.com\/product\/yoast-seo-wordpress\/ -->\n<title>La Bourgogne est-elle menac\u00e9e par une p\u00e9nurie de vin ? - La Berg\u00e8re<\/title>\n<meta name=\"description\" content=\"La Berg\u00e8re - Grands Vins est un n\u00e9gociant en vin pour les professionnels - Vente et Achat de grands vins et grands crus.\" \/>\n<meta name=\"robots\" content=\"index, follow, max-snippet:-1, max-image-preview:large, max-video-preview:-1\" \/>\n<link rel=\"canonical\" href=\"https:\/\/la-bergere.fr\/en\/la-bourgogne-est-elle-menacee-par-une-penurie-de-vin\/\" \/>\n<meta property=\"og:locale\" content=\"en_US\" \/>\n<meta property=\"og:type\" content=\"article\" \/>\n<meta property=\"og:title\" content=\"La Bourgogne est-elle menac\u00e9e par une p\u00e9nurie de vin ? - La Berg\u00e8re\" \/>\n<meta property=\"og:description\" content=\"La Berg\u00e8re - Grands Vins est un n\u00e9gociant en vin pour les professionnels - Vente et Achat de grands vins et grands crus.\" \/>\n<meta property=\"og:url\" content=\"https:\/\/la-bergere.fr\/en\/la-bourgogne-est-elle-menacee-par-une-penurie-de-vin\/\" \/>\n<meta property=\"og:site_name\" content=\"La Berg\u00e8re\" \/>\n<meta property=\"article:published_time\" content=\"2012-10-08T22:00:00+00:00\" \/>\n<meta name=\"author\" content=\"alexandre.impinna\" \/>\n<meta name=\"twitter:label1\" content=\"Written by\" \/>\n\t<meta name=\"twitter:data1\" content=\"alexandre.impinna\" \/>\n\t<meta name=\"twitter:label2\" content=\"Est. reading time\" \/>\n\t<meta name=\"twitter:data2\" content=\"4 minutes\" \/>\n<script type=\"application\/ld+json\" class=\"yoast-schema-graph\">{\"@context\":\"https:\\\/\\\/schema.org\",\"@graph\":[{\"@type\":\"Article\",\"@id\":\"https:\\\/\\\/la-bergere.fr\\\/la-bourgogne-est-elle-menacee-par-une-penurie-de-vin\\\/#article\",\"isPartOf\":{\"@id\":\"https:\\\/\\\/la-bergere.fr\\\/la-bourgogne-est-elle-menacee-par-une-penurie-de-vin\\\/\"},\"author\":{\"name\":\"alexandre.impinna\",\"@id\":\"https:\\\/\\\/la-bergere.fr\\\/#\\\/schema\\\/person\\\/f27f3fea6a79cd8f58f092f2ea8601ac\"},\"headline\":\"La Bourgogne est-elle menac\u00e9e par une p\u00e9nurie de vin ?\",\"datePublished\":\"2012-10-08T22:00:00+00:00\",\"mainEntityOfPage\":{\"@id\":\"https:\\\/\\\/la-bergere.fr\\\/la-bourgogne-est-elle-menacee-par-une-penurie-de-vin\\\/\"},\"wordCount\":802,\"commentCount\":0,\"image\":{\"@id\":\"https:\\\/\\\/la-bergere.fr\\\/la-bourgogne-est-elle-menacee-par-une-penurie-de-vin\\\/#primaryimage\"},\"thumbnailUrl\":\"\",\"articleSection\":[\"Autres\"],\"inLanguage\":\"en-US\",\"potentialAction\":[{\"@type\":\"CommentAction\",\"name\":\"Comment\",\"target\":[\"https:\\\/\\\/la-bergere.fr\\\/la-bourgogne-est-elle-menacee-par-une-penurie-de-vin\\\/#respond\"]}]},{\"@type\":\"WebPage\",\"@id\":\"https:\\\/\\\/la-bergere.fr\\\/la-bourgogne-est-elle-menacee-par-une-penurie-de-vin\\\/\",\"url\":\"https:\\\/\\\/la-bergere.fr\\\/la-bourgogne-est-elle-menacee-par-une-penurie-de-vin\\\/\",\"name\":\"La Bourgogne est-elle menac\u00e9e par une p\u00e9nurie de vin ? - La Berg\u00e8re\",\"isPartOf\":{\"@id\":\"https:\\\/\\\/la-bergere.fr\\\/#website\"},\"primaryImageOfPage\":{\"@id\":\"https:\\\/\\\/la-bergere.fr\\\/la-bourgogne-est-elle-menacee-par-une-penurie-de-vin\\\/#primaryimage\"},\"image\":{\"@id\":\"https:\\\/\\\/la-bergere.fr\\\/la-bourgogne-est-elle-menacee-par-une-penurie-de-vin\\\/#primaryimage\"},\"thumbnailUrl\":\"\",\"datePublished\":\"2012-10-08T22:00:00+00:00\",\"author\":{\"@id\":\"https:\\\/\\\/la-bergere.fr\\\/#\\\/schema\\\/person\\\/f27f3fea6a79cd8f58f092f2ea8601ac\"},\"description\":\"La Berg\u00e8re - Grands Vins est un n\u00e9gociant en vin pour les professionnels - Vente et Achat de grands vins et grands crus.\",\"breadcrumb\":{\"@id\":\"https:\\\/\\\/la-bergere.fr\\\/la-bourgogne-est-elle-menacee-par-une-penurie-de-vin\\\/#breadcrumb\"},\"inLanguage\":\"en-US\",\"potentialAction\":[{\"@type\":\"ReadAction\",\"target\":[\"https:\\\/\\\/la-bergere.fr\\\/la-bourgogne-est-elle-menacee-par-une-penurie-de-vin\\\/\"]}]},{\"@type\":\"ImageObject\",\"inLanguage\":\"en-US\",\"@id\":\"https:\\\/\\\/la-bergere.fr\\\/la-bourgogne-est-elle-menacee-par-une-penurie-de-vin\\\/#primaryimage\",\"url\":\"\",\"contentUrl\":\"\"},{\"@type\":\"BreadcrumbList\",\"@id\":\"https:\\\/\\\/la-bergere.fr\\\/la-bourgogne-est-elle-menacee-par-une-penurie-de-vin\\\/#breadcrumb\",\"itemListElement\":[{\"@type\":\"ListItem\",\"position\":1,\"name\":\"Accueil\",\"item\":\"https:\\\/\\\/la-bergere.fr\\\/\"},{\"@type\":\"ListItem\",\"position\":2,\"name\":\"La Bourgogne est-elle menac\u00e9e par une p\u00e9nurie de vin ?\"}]},{\"@type\":\"WebSite\",\"@id\":\"https:\\\/\\\/la-bergere.fr\\\/#website\",\"url\":\"https:\\\/\\\/la-bergere.fr\\\/\",\"name\":\"La Berg\u00e8re\",\"description\":\"N\u00e9goce de grands crus et vins fins\",\"potentialAction\":[{\"@type\":\"SearchAction\",\"target\":{\"@type\":\"EntryPoint\",\"urlTemplate\":\"https:\\\/\\\/la-bergere.fr\\\/?s={search_term_string}\"},\"query-input\":{\"@type\":\"PropertyValueSpecification\",\"valueRequired\":true,\"valueName\":\"search_term_string\"}}],\"inLanguage\":\"en-US\"},{\"@type\":\"Person\",\"@id\":\"https:\\\/\\\/la-bergere.fr\\\/#\\\/schema\\\/person\\\/f27f3fea6a79cd8f58f092f2ea8601ac\",\"name\":\"alexandre.impinna\",\"image\":{\"@type\":\"ImageObject\",\"inLanguage\":\"en-US\",\"@id\":\"https:\\\/\\\/secure.gravatar.com\\\/avatar\\\/d3b9399bb826b1ef1cefaac0bdd8b069b06825b10a9156d1b35cbd91317d20f5?s=96&d=mm&r=g\",\"url\":\"https:\\\/\\\/secure.gravatar.com\\\/avatar\\\/d3b9399bb826b1ef1cefaac0bdd8b069b06825b10a9156d1b35cbd91317d20f5?s=96&d=mm&r=g\",\"contentUrl\":\"https:\\\/\\\/secure.gravatar.com\\\/avatar\\\/d3b9399bb826b1ef1cefaac0bdd8b069b06825b10a9156d1b35cbd91317d20f5?s=96&d=mm&r=g\",\"caption\":\"alexandre.impinna\"},\"url\":\"https:\\\/\\\/la-bergere.fr\\\/en\\\/author\\\/alexandre-impinna\\\/\"}]}<\/script>\n<!-- \/ Yoast SEO plugin. -->","yoast_head_json":{"title":"La Bourgogne est-elle menac\u00e9e par une p\u00e9nurie de vin ? - La Berg\u00e8re","description":"La Berg\u00e8re - Grands Vins est un n\u00e9gociant en vin pour les professionnels - Vente et Achat de grands vins et grands crus.","robots":{"index":"index","follow":"follow","max-snippet":"max-snippet:-1","max-image-preview":"max-image-preview:large","max-video-preview":"max-video-preview:-1"},"canonical":"https:\/\/la-bergere.fr\/en\/la-bourgogne-est-elle-menacee-par-une-penurie-de-vin\/","og_locale":"en_US","og_type":"article","og_title":"La Bourgogne est-elle menac\u00e9e par une p\u00e9nurie de vin ? - La Berg\u00e8re","og_description":"La Berg\u00e8re - Grands Vins est un n\u00e9gociant en vin pour les professionnels - Vente et Achat de grands vins et grands crus.","og_url":"https:\/\/la-bergere.fr\/en\/la-bourgogne-est-elle-menacee-par-une-penurie-de-vin\/","og_site_name":"La Berg\u00e8re","article_published_time":"2012-10-08T22:00:00+00:00","author":"alexandre.impinna","twitter_misc":{"Written by":"alexandre.impinna","Est. reading time":"4 minutes"},"schema":{"@context":"https:\/\/schema.org","@graph":[{"@type":"Article","@id":"https:\/\/la-bergere.fr\/la-bourgogne-est-elle-menacee-par-une-penurie-de-vin\/#article","isPartOf":{"@id":"https:\/\/la-bergere.fr\/la-bourgogne-est-elle-menacee-par-une-penurie-de-vin\/"},"author":{"name":"alexandre.impinna","@id":"https:\/\/la-bergere.fr\/#\/schema\/person\/f27f3fea6a79cd8f58f092f2ea8601ac"},"headline":"La Bourgogne est-elle menac\u00e9e par une p\u00e9nurie de vin ?","datePublished":"2012-10-08T22:00:00+00:00","mainEntityOfPage":{"@id":"https:\/\/la-bergere.fr\/la-bourgogne-est-elle-menacee-par-une-penurie-de-vin\/"},"wordCount":802,"commentCount":0,"image":{"@id":"https:\/\/la-bergere.fr\/la-bourgogne-est-elle-menacee-par-une-penurie-de-vin\/#primaryimage"},"thumbnailUrl":"","articleSection":["Autres"],"inLanguage":"en-US","potentialAction":[{"@type":"CommentAction","name":"Comment","target":["https:\/\/la-bergere.fr\/la-bourgogne-est-elle-menacee-par-une-penurie-de-vin\/#respond"]}]},{"@type":"WebPage","@id":"https:\/\/la-bergere.fr\/la-bourgogne-est-elle-menacee-par-une-penurie-de-vin\/","url":"https:\/\/la-bergere.fr\/la-bourgogne-est-elle-menacee-par-une-penurie-de-vin\/","name":"La Bourgogne est-elle menac\u00e9e par une p\u00e9nurie de vin ? - La Berg\u00e8re","isPartOf":{"@id":"https:\/\/la-bergere.fr\/#website"},"primaryImageOfPage":{"@id":"https:\/\/la-bergere.fr\/la-bourgogne-est-elle-menacee-par-une-penurie-de-vin\/#primaryimage"},"image":{"@id":"https:\/\/la-bergere.fr\/la-bourgogne-est-elle-menacee-par-une-penurie-de-vin\/#primaryimage"},"thumbnailUrl":"","datePublished":"2012-10-08T22:00:00+00:00","author":{"@id":"https:\/\/la-bergere.fr\/#\/schema\/person\/f27f3fea6a79cd8f58f092f2ea8601ac"},"description":"La Berg\u00e8re - Grands Vins est un n\u00e9gociant en vin pour les professionnels - Vente et Achat de grands vins et grands crus.","breadcrumb":{"@id":"https:\/\/la-bergere.fr\/la-bourgogne-est-elle-menacee-par-une-penurie-de-vin\/#breadcrumb"},"inLanguage":"en-US","potentialAction":[{"@type":"ReadAction","target":["https:\/\/la-bergere.fr\/la-bourgogne-est-elle-menacee-par-une-penurie-de-vin\/"]}]},{"@type":"ImageObject","inLanguage":"en-US","@id":"https:\/\/la-bergere.fr\/la-bourgogne-est-elle-menacee-par-une-penurie-de-vin\/#primaryimage","url":"","contentUrl":""},{"@type":"BreadcrumbList","@id":"https:\/\/la-bergere.fr\/la-bourgogne-est-elle-menacee-par-une-penurie-de-vin\/#breadcrumb","itemListElement":[{"@type":"ListItem","position":1,"name":"Accueil","item":"https:\/\/la-bergere.fr\/"},{"@type":"ListItem","position":2,"name":"La Bourgogne est-elle menac\u00e9e par une p\u00e9nurie de vin ?"}]},{"@type":"WebSite","@id":"https:\/\/la-bergere.fr\/#website","url":"https:\/\/la-bergere.fr\/","name":"Shepherdess","description":"Trading of grands crus and fine wines","potentialAction":[{"@type":"SearchAction","target":{"@type":"EntryPoint","urlTemplate":"https:\/\/la-bergere.fr\/?s={search_term_string}"},"query-input":{"@type":"PropertyValueSpecification","valueRequired":true,"valueName":"search_term_string"}}],"inLanguage":"en-US"},{"@type":"Person","@id":"https:\/\/la-bergere.fr\/#\/schema\/person\/f27f3fea6a79cd8f58f092f2ea8601ac","name":"alexandre.impinna","image":{"@type":"ImageObject","inLanguage":"en-US","@id":"https:\/\/secure.gravatar.com\/avatar\/d3b9399bb826b1ef1cefaac0bdd8b069b06825b10a9156d1b35cbd91317d20f5?s=96&d=mm&r=g","url":"https:\/\/secure.gravatar.com\/avatar\/d3b9399bb826b1ef1cefaac0bdd8b069b06825b10a9156d1b35cbd91317d20f5?s=96&d=mm&r=g","contentUrl":"https:\/\/secure.gravatar.com\/avatar\/d3b9399bb826b1ef1cefaac0bdd8b069b06825b10a9156d1b35cbd91317d20f5?s=96&d=mm&r=g","caption":"alexandre.impinna"},"url":"https:\/\/la-bergere.fr\/en\/author\/alexandre-impinna\/"}]}},"_links":{"self":[{"href":"https:\/\/la-bergere.fr\/en\/wp-json\/wp\/v2\/posts\/219","targetHints":{"allow":["GET"]}}],"collection":[{"href":"https:\/\/la-bergere.fr\/en\/wp-json\/wp\/v2\/posts"}],"about":[{"href":"https:\/\/la-bergere.fr\/en\/wp-json\/wp\/v2\/types\/post"}],"author":[{"embeddable":true,"href":"https:\/\/la-bergere.fr\/en\/wp-json\/wp\/v2\/users\/12"}],"replies":[{"embeddable":true,"href":"https:\/\/la-bergere.fr\/en\/wp-json\/wp\/v2\/comments?post=219"}],"version-history":[{"count":0,"href":"https:\/\/la-bergere.fr\/en\/wp-json\/wp\/v2\/posts\/219\/revisions"}],"wp:featuredmedia":[{"embeddable":true,"href":"https:\/\/la-bergere.fr\/en\/wp-json\/"}],"wp:attachment":[{"href":"https:\/\/la-bergere.fr\/en\/wp-json\/wp\/v2\/media?parent=219"}],"wp:term":[{"taxonomy":"category","embeddable":true,"href":"https:\/\/la-bergere.fr\/en\/wp-json\/wp\/v2\/categories?post=219"},{"taxonomy":"post_tag","embeddable":true,"href":"https:\/\/la-bergere.fr\/en\/wp-json\/wp\/v2\/tags?post=219"}],"curies":[{"name":"wp","href":"https:\/\/api.w.org\/{rel}","templated":true}]}}