{"id":213,"date":"2012-09-05T23:00:00","date_gmt":"2012-09-05T22:00:00","guid":{"rendered":"http:\/\/dev.bikloz.net\/lbv\/en\/non-classe\/pavie-et-angelus-promus-dans-le-nouveau-classement-saint-emilion\/"},"modified":"2014-09-19T14:57:13","modified_gmt":"2014-09-19T13:57:13","slug":"pavie-et-angelus-promus-dans-le-nouveau-classement-saint-emilion","status":"publish","type":"post","link":"https:\/\/la-bergere.fr\/en\/pavie-et-angelus-promus-dans-le-nouveau-classement-saint-emilion\/","title":{"rendered":"Pavie and Ang\u00e9lus promoted in the new Saint-\u00c9milion classification"},"content":{"rendered":"<p>The owner of Ch\u00e2teau Pavie, G\u00e9rard Perse, was &quot;overwhelmed with emotion&quot; at the confirmation of the promotion of his estate to the rank of Saint-\u00c9milion Premier Grand Cru Class\u00e9 A.<\/p>\n<p><!--more--><\/p>\n<p>Ch\u00e2teau Pavie and Ch\u00e2teau Ang\u00e9lus thus join Ch\u00e2teau Cheval Blanc and Ch\u00e2teau Ausone at the top of this new classification of Saint-\u00c9milion.<\/p>\n<p>This ranking has had to face serious controversies since the legal attacks undertaken against its 2006 edition.<br \/>\nThe complete classification is unveiled today in Paris by the appellations commission, the INAO (National Institute of Origin and Quality), but official letters have arrived at the ch\u00e2teaux this morning.<\/p>\n<p>Jean-Fran\u00e7ois Quenin, president of the Conseil des Vins de Saint-\u00c9milion and owner of Ch\u00e2teau Pressac (promoted from Grand Cru to Grand Cru Class\u00e9) told Decanter.com that the process to restore the reputation of the system is paying off.<\/p>\n<p>\u201cSome thought we would never get there. I became president in 2008, two years after the first legal attacks on the latest ranking. \u00bb<\/p>\n<p>\u201cI imagine there will be some disappointed people, but the idea of a ranking allows everyone to hope that their work will be rewarded. \u00bb<\/p>\n<p>Angelus director St\u00e9phanie de Bo\u00fcard-Rivoal confirmed the promotion and paid tribute to the work of her father, owner Hubert de Bo\u00fcard, and her uncle Jean-Bernard Greni\u00e9. Their official statement is expected after the INAO meeting.<\/p>\n<p>G\u00e9rard Perse, owner of Ch\u00e2teau Pavie, said: \u201cAs soon as I heard the news, I was overwhelmed with emotion. \u00bb<\/p>\n<p>\u201cI am delighted and proud to have invested in such a courageous appellation as Saint-\u00c9milion, which challenges itself every decade through this ranking,\u201d he told Decanter.com.<\/p>\n<p>\u201cThey showed courage by promoting two ch\u00e2teaux to the rank of Premier Grand Cru Class\u00e9 A, for the first time in 50 years. But it seems justified that Saint-\u00c9milion has as many Premiers Grands Crus as the M\u00e9doc. \u00bb<\/p>\n<p>Among the other domains promoted are the Ch\u00e2teaux Canon La Gaffeli\u00e8re and La Mondotte, both now Premiers Grands Crus Class\u00e9s.<\/p>\n<p>96 ch\u00e2teaux applied for this 2012 classification. Ch\u00e2teau Valandraud also went from Grand Cru Class\u00e9 to Grand Cru Class\u00e9 B, and Ch\u00e2teaux La Fleur Morange, Fombrauge, de Ferrand, Faug\u00e8res and P\u00e9by Faug\u00e8res from Grand Cru to Grand Cru Class\u00e9 .<\/p>\n<p>It&#039;s hard to confirm the downgrades until the full list is made public. All areas that were to lose their ranking or whose applications were incomplete were invited to initiate a consultation procedure with the INAO, in an attempt to maintain their status.<\/p>\n<p>According to Robert Tinlot, the chairman of the classification commission, 36 of these \u201cwarning\u201d letters were sent.<\/p>\n<p>In total, of the 96 files submitted, one was immediately rejected, 83 were accepted and 12 estates were downgraded or did not receive Grand Cru Class\u00e9 status.Chateau Pavie and Chateau Angelus are to join Chateau Cheval Blanc and Chateau Ausone at the top of this new Saint Emilion classification.<\/p>\n<p>Source: Jane Anson<br \/>\n<a href=\"http:\/\/www.decanter.com\/news\/wine-news\/530432\/pavie-and-angelus-promoted-in-new-st-emilion-classification\" target=\"_blank\">Decanter.com<\/a><br \/>\nSeptember 6, 2012<\/p>","protected":false},"excerpt":{"rendered":"<p>The owner of Ch\u00e2teau Pavie, G\u00e9rard Perse, was &quot;overwhelmed with emotion&quot; at the confirmation of the promotion of his estate to the rank of Saint-\u00c9milion Premier Grand Cru Class\u00e9 A.<\/p>","protected":false},"author":12,"featured_media":212,"comment_status":"open","ping_status":"open","sticky":false,"template":"","format":"standard","meta":{"footnotes":""},"categories":[1],"tags":[],"class_list":["post-213","post","type-post","status-publish","format-standard","has-post-thumbnail","hentry","category-autres"],"yoast_head":"<!-- This site is optimized with the Yoast SEO plugin v27.5 - https:\/\/yoast.com\/product\/yoast-seo-wordpress\/ -->\n<title>Pavie et Ang\u00e9lus promus dans le nouveau classement Saint-\u00c9milion - La Berg\u00e8re<\/title>\n<meta name=\"description\" content=\"La Berg\u00e8re - Grands Vins est un n\u00e9gociant en vin pour les professionnels - Vente et Achat de grands vins et grands crus.\" \/>\n<meta name=\"robots\" content=\"index, follow, max-snippet:-1, max-image-preview:large, max-video-preview:-1\" \/>\n<link rel=\"canonical\" href=\"https:\/\/la-bergere.fr\/en\/pavie-et-angelus-promus-dans-le-nouveau-classement-saint-emilion\/\" \/>\n<meta property=\"og:locale\" content=\"en_US\" \/>\n<meta property=\"og:type\" content=\"article\" \/>\n<meta property=\"og:title\" content=\"Pavie et Ang\u00e9lus promus dans le nouveau classement Saint-\u00c9milion - La Berg\u00e8re\" \/>\n<meta property=\"og:description\" content=\"La Berg\u00e8re - Grands Vins est un n\u00e9gociant en vin pour les professionnels - Vente et Achat de grands vins et grands crus.\" \/>\n<meta property=\"og:url\" content=\"https:\/\/la-bergere.fr\/en\/pavie-et-angelus-promus-dans-le-nouveau-classement-saint-emilion\/\" \/>\n<meta property=\"og:site_name\" content=\"La Berg\u00e8re\" \/>\n<meta property=\"article:published_time\" content=\"2012-09-05T22:00:00+00:00\" \/>\n<meta property=\"article:modified_time\" content=\"2014-09-19T13:57:13+00:00\" \/>\n<meta name=\"author\" content=\"alexandre.impinna\" \/>\n<meta name=\"twitter:label1\" content=\"Written by\" \/>\n\t<meta name=\"twitter:data1\" content=\"alexandre.impinna\" \/>\n\t<meta name=\"twitter:label2\" content=\"Est. reading time\" \/>\n\t<meta name=\"twitter:data2\" content=\"3 minutes\" \/>\n<script type=\"application\/ld+json\" class=\"yoast-schema-graph\">{\"@context\":\"https:\\\/\\\/schema.org\",\"@graph\":[{\"@type\":\"Article\",\"@id\":\"https:\\\/\\\/la-bergere.fr\\\/pavie-et-angelus-promus-dans-le-nouveau-classement-saint-emilion\\\/#article\",\"isPartOf\":{\"@id\":\"https:\\\/\\\/la-bergere.fr\\\/pavie-et-angelus-promus-dans-le-nouveau-classement-saint-emilion\\\/\"},\"author\":{\"name\":\"alexandre.impinna\",\"@id\":\"https:\\\/\\\/la-bergere.fr\\\/#\\\/schema\\\/person\\\/f27f3fea6a79cd8f58f092f2ea8601ac\"},\"headline\":\"Pavie et Ang\u00e9lus promus dans le nouveau classement Saint-\u00c9milion\",\"datePublished\":\"2012-09-05T22:00:00+00:00\",\"dateModified\":\"2014-09-19T13:57:13+00:00\",\"mainEntityOfPage\":{\"@id\":\"https:\\\/\\\/la-bergere.fr\\\/pavie-et-angelus-promus-dans-le-nouveau-classement-saint-emilion\\\/\"},\"wordCount\":602,\"commentCount\":0,\"image\":{\"@id\":\"https:\\\/\\\/la-bergere.fr\\\/pavie-et-angelus-promus-dans-le-nouveau-classement-saint-emilion\\\/#primaryimage\"},\"thumbnailUrl\":\"\",\"articleSection\":[\"Autres\"],\"inLanguage\":\"en-US\",\"potentialAction\":[{\"@type\":\"CommentAction\",\"name\":\"Comment\",\"target\":[\"https:\\\/\\\/la-bergere.fr\\\/pavie-et-angelus-promus-dans-le-nouveau-classement-saint-emilion\\\/#respond\"]}]},{\"@type\":\"WebPage\",\"@id\":\"https:\\\/\\\/la-bergere.fr\\\/pavie-et-angelus-promus-dans-le-nouveau-classement-saint-emilion\\\/\",\"url\":\"https:\\\/\\\/la-bergere.fr\\\/pavie-et-angelus-promus-dans-le-nouveau-classement-saint-emilion\\\/\",\"name\":\"Pavie et Ang\u00e9lus promus dans le nouveau classement Saint-\u00c9milion - La Berg\u00e8re\",\"isPartOf\":{\"@id\":\"https:\\\/\\\/la-bergere.fr\\\/#website\"},\"primaryImageOfPage\":{\"@id\":\"https:\\\/\\\/la-bergere.fr\\\/pavie-et-angelus-promus-dans-le-nouveau-classement-saint-emilion\\\/#primaryimage\"},\"image\":{\"@id\":\"https:\\\/\\\/la-bergere.fr\\\/pavie-et-angelus-promus-dans-le-nouveau-classement-saint-emilion\\\/#primaryimage\"},\"thumbnailUrl\":\"\",\"datePublished\":\"2012-09-05T22:00:00+00:00\",\"dateModified\":\"2014-09-19T13:57:13+00:00\",\"author\":{\"@id\":\"https:\\\/\\\/la-bergere.fr\\\/#\\\/schema\\\/person\\\/f27f3fea6a79cd8f58f092f2ea8601ac\"},\"description\":\"La Berg\u00e8re - Grands Vins est un n\u00e9gociant en vin pour les professionnels - Vente et Achat de grands vins et grands crus.\",\"breadcrumb\":{\"@id\":\"https:\\\/\\\/la-bergere.fr\\\/pavie-et-angelus-promus-dans-le-nouveau-classement-saint-emilion\\\/#breadcrumb\"},\"inLanguage\":\"en-US\",\"potentialAction\":[{\"@type\":\"ReadAction\",\"target\":[\"https:\\\/\\\/la-bergere.fr\\\/pavie-et-angelus-promus-dans-le-nouveau-classement-saint-emilion\\\/\"]}]},{\"@type\":\"ImageObject\",\"inLanguage\":\"en-US\",\"@id\":\"https:\\\/\\\/la-bergere.fr\\\/pavie-et-angelus-promus-dans-le-nouveau-classement-saint-emilion\\\/#primaryimage\",\"url\":\"\",\"contentUrl\":\"\"},{\"@type\":\"BreadcrumbList\",\"@id\":\"https:\\\/\\\/la-bergere.fr\\\/pavie-et-angelus-promus-dans-le-nouveau-classement-saint-emilion\\\/#breadcrumb\",\"itemListElement\":[{\"@type\":\"ListItem\",\"position\":1,\"name\":\"Accueil\",\"item\":\"https:\\\/\\\/la-bergere.fr\\\/\"},{\"@type\":\"ListItem\",\"position\":2,\"name\":\"Pavie et Ang\u00e9lus promus dans le nouveau classement Saint-\u00c9milion\"}]},{\"@type\":\"WebSite\",\"@id\":\"https:\\\/\\\/la-bergere.fr\\\/#website\",\"url\":\"https:\\\/\\\/la-bergere.fr\\\/\",\"name\":\"La Berg\u00e8re\",\"description\":\"N\u00e9goce de grands crus et vins fins\",\"potentialAction\":[{\"@type\":\"SearchAction\",\"target\":{\"@type\":\"EntryPoint\",\"urlTemplate\":\"https:\\\/\\\/la-bergere.fr\\\/?s={search_term_string}\"},\"query-input\":{\"@type\":\"PropertyValueSpecification\",\"valueRequired\":true,\"valueName\":\"search_term_string\"}}],\"inLanguage\":\"en-US\"},{\"@type\":\"Person\",\"@id\":\"https:\\\/\\\/la-bergere.fr\\\/#\\\/schema\\\/person\\\/f27f3fea6a79cd8f58f092f2ea8601ac\",\"name\":\"alexandre.impinna\",\"image\":{\"@type\":\"ImageObject\",\"inLanguage\":\"en-US\",\"@id\":\"https:\\\/\\\/secure.gravatar.com\\\/avatar\\\/d3b9399bb826b1ef1cefaac0bdd8b069b06825b10a9156d1b35cbd91317d20f5?s=96&d=mm&r=g\",\"url\":\"https:\\\/\\\/secure.gravatar.com\\\/avatar\\\/d3b9399bb826b1ef1cefaac0bdd8b069b06825b10a9156d1b35cbd91317d20f5?s=96&d=mm&r=g\",\"contentUrl\":\"https:\\\/\\\/secure.gravatar.com\\\/avatar\\\/d3b9399bb826b1ef1cefaac0bdd8b069b06825b10a9156d1b35cbd91317d20f5?s=96&d=mm&r=g\",\"caption\":\"alexandre.impinna\"},\"url\":\"https:\\\/\\\/la-bergere.fr\\\/en\\\/author\\\/alexandre-impinna\\\/\"}]}<\/script>\n<!-- \/ Yoast SEO plugin. -->","yoast_head_json":{"title":"Pavie et Ang\u00e9lus promus dans le nouveau classement Saint-\u00c9milion - La Berg\u00e8re","description":"La Berg\u00e8re - Grands Vins est un n\u00e9gociant en vin pour les professionnels - Vente et Achat de grands vins et grands crus.","robots":{"index":"index","follow":"follow","max-snippet":"max-snippet:-1","max-image-preview":"max-image-preview:large","max-video-preview":"max-video-preview:-1"},"canonical":"https:\/\/la-bergere.fr\/en\/pavie-et-angelus-promus-dans-le-nouveau-classement-saint-emilion\/","og_locale":"en_US","og_type":"article","og_title":"Pavie et Ang\u00e9lus promus dans le nouveau classement Saint-\u00c9milion - La Berg\u00e8re","og_description":"La Berg\u00e8re - Grands Vins est un n\u00e9gociant en vin pour les professionnels - Vente et Achat de grands vins et grands crus.","og_url":"https:\/\/la-bergere.fr\/en\/pavie-et-angelus-promus-dans-le-nouveau-classement-saint-emilion\/","og_site_name":"La Berg\u00e8re","article_published_time":"2012-09-05T22:00:00+00:00","article_modified_time":"2014-09-19T13:57:13+00:00","author":"alexandre.impinna","twitter_misc":{"Written by":"alexandre.impinna","Est. reading time":"3 minutes"},"schema":{"@context":"https:\/\/schema.org","@graph":[{"@type":"Article","@id":"https:\/\/la-bergere.fr\/pavie-et-angelus-promus-dans-le-nouveau-classement-saint-emilion\/#article","isPartOf":{"@id":"https:\/\/la-bergere.fr\/pavie-et-angelus-promus-dans-le-nouveau-classement-saint-emilion\/"},"author":{"name":"alexandre.impinna","@id":"https:\/\/la-bergere.fr\/#\/schema\/person\/f27f3fea6a79cd8f58f092f2ea8601ac"},"headline":"Pavie et Ang\u00e9lus promus dans le nouveau classement Saint-\u00c9milion","datePublished":"2012-09-05T22:00:00+00:00","dateModified":"2014-09-19T13:57:13+00:00","mainEntityOfPage":{"@id":"https:\/\/la-bergere.fr\/pavie-et-angelus-promus-dans-le-nouveau-classement-saint-emilion\/"},"wordCount":602,"commentCount":0,"image":{"@id":"https:\/\/la-bergere.fr\/pavie-et-angelus-promus-dans-le-nouveau-classement-saint-emilion\/#primaryimage"},"thumbnailUrl":"","articleSection":["Autres"],"inLanguage":"en-US","potentialAction":[{"@type":"CommentAction","name":"Comment","target":["https:\/\/la-bergere.fr\/pavie-et-angelus-promus-dans-le-nouveau-classement-saint-emilion\/#respond"]}]},{"@type":"WebPage","@id":"https:\/\/la-bergere.fr\/pavie-et-angelus-promus-dans-le-nouveau-classement-saint-emilion\/","url":"https:\/\/la-bergere.fr\/pavie-et-angelus-promus-dans-le-nouveau-classement-saint-emilion\/","name":"Pavie et Ang\u00e9lus promus dans le nouveau classement Saint-\u00c9milion - La Berg\u00e8re","isPartOf":{"@id":"https:\/\/la-bergere.fr\/#website"},"primaryImageOfPage":{"@id":"https:\/\/la-bergere.fr\/pavie-et-angelus-promus-dans-le-nouveau-classement-saint-emilion\/#primaryimage"},"image":{"@id":"https:\/\/la-bergere.fr\/pavie-et-angelus-promus-dans-le-nouveau-classement-saint-emilion\/#primaryimage"},"thumbnailUrl":"","datePublished":"2012-09-05T22:00:00+00:00","dateModified":"2014-09-19T13:57:13+00:00","author":{"@id":"https:\/\/la-bergere.fr\/#\/schema\/person\/f27f3fea6a79cd8f58f092f2ea8601ac"},"description":"La Berg\u00e8re - Grands Vins est un n\u00e9gociant en vin pour les professionnels - Vente et Achat de grands vins et grands crus.","breadcrumb":{"@id":"https:\/\/la-bergere.fr\/pavie-et-angelus-promus-dans-le-nouveau-classement-saint-emilion\/#breadcrumb"},"inLanguage":"en-US","potentialAction":[{"@type":"ReadAction","target":["https:\/\/la-bergere.fr\/pavie-et-angelus-promus-dans-le-nouveau-classement-saint-emilion\/"]}]},{"@type":"ImageObject","inLanguage":"en-US","@id":"https:\/\/la-bergere.fr\/pavie-et-angelus-promus-dans-le-nouveau-classement-saint-emilion\/#primaryimage","url":"","contentUrl":""},{"@type":"BreadcrumbList","@id":"https:\/\/la-bergere.fr\/pavie-et-angelus-promus-dans-le-nouveau-classement-saint-emilion\/#breadcrumb","itemListElement":[{"@type":"ListItem","position":1,"name":"Accueil","item":"https:\/\/la-bergere.fr\/"},{"@type":"ListItem","position":2,"name":"Pavie et Ang\u00e9lus promus dans le nouveau classement Saint-\u00c9milion"}]},{"@type":"WebSite","@id":"https:\/\/la-bergere.fr\/#website","url":"https:\/\/la-bergere.fr\/","name":"Shepherdess","description":"Trading of grands crus and fine wines","potentialAction":[{"@type":"SearchAction","target":{"@type":"EntryPoint","urlTemplate":"https:\/\/la-bergere.fr\/?s={search_term_string}"},"query-input":{"@type":"PropertyValueSpecification","valueRequired":true,"valueName":"search_term_string"}}],"inLanguage":"en-US"},{"@type":"Person","@id":"https:\/\/la-bergere.fr\/#\/schema\/person\/f27f3fea6a79cd8f58f092f2ea8601ac","name":"alexandre.impinna","image":{"@type":"ImageObject","inLanguage":"en-US","@id":"https:\/\/secure.gravatar.com\/avatar\/d3b9399bb826b1ef1cefaac0bdd8b069b06825b10a9156d1b35cbd91317d20f5?s=96&d=mm&r=g","url":"https:\/\/secure.gravatar.com\/avatar\/d3b9399bb826b1ef1cefaac0bdd8b069b06825b10a9156d1b35cbd91317d20f5?s=96&d=mm&r=g","contentUrl":"https:\/\/secure.gravatar.com\/avatar\/d3b9399bb826b1ef1cefaac0bdd8b069b06825b10a9156d1b35cbd91317d20f5?s=96&d=mm&r=g","caption":"alexandre.impinna"},"url":"https:\/\/la-bergere.fr\/en\/author\/alexandre-impinna\/"}]}},"_links":{"self":[{"href":"https:\/\/la-bergere.fr\/en\/wp-json\/wp\/v2\/posts\/213","targetHints":{"allow":["GET"]}}],"collection":[{"href":"https:\/\/la-bergere.fr\/en\/wp-json\/wp\/v2\/posts"}],"about":[{"href":"https:\/\/la-bergere.fr\/en\/wp-json\/wp\/v2\/types\/post"}],"author":[{"embeddable":true,"href":"https:\/\/la-bergere.fr\/en\/wp-json\/wp\/v2\/users\/12"}],"replies":[{"embeddable":true,"href":"https:\/\/la-bergere.fr\/en\/wp-json\/wp\/v2\/comments?post=213"}],"version-history":[{"count":0,"href":"https:\/\/la-bergere.fr\/en\/wp-json\/wp\/v2\/posts\/213\/revisions"}],"wp:featuredmedia":[{"embeddable":true,"href":"https:\/\/la-bergere.fr\/en\/wp-json\/"}],"wp:attachment":[{"href":"https:\/\/la-bergere.fr\/en\/wp-json\/wp\/v2\/media?parent=213"}],"wp:term":[{"taxonomy":"category","embeddable":true,"href":"https:\/\/la-bergere.fr\/en\/wp-json\/wp\/v2\/categories?post=213"},{"taxonomy":"post_tag","embeddable":true,"href":"https:\/\/la-bergere.fr\/en\/wp-json\/wp\/v2\/tags?post=213"}],"curies":[{"name":"wp","href":"https:\/\/api.w.org\/{rel}","templated":true}]}}